{"id":29661,"date":"2025-02-01T10:12:26","date_gmt":"2025-02-01T13:12:26","guid":{"rendered":"https:\/\/tacuarembo.gub.uy\/?p=29661"},"modified":"2025-12-26T19:20:43","modified_gmt":"2025-12-26T22:20:43","slug":"idt-invita-a-acompanar-la-eleccion-de-reinas-2025-en-el-carnaval-de-tacuarembo","status":"publish","type":"post","link":"https:\/\/tacuarembo.gub.uy\/?p=29661","title":{"rendered":"IDT invita a acompa\u00f1ar la Elecci\u00f3n de Reinas 2025 en el Carnaval de Tacuaremb\u00f3"},"content":{"rendered":"\n<p>El Carnaval 2025 en Tacuaremb\u00f3 arranca con toda la alegr\u00eda y el ritmo que lo caracterizan. Este s\u00e1bado 1 de febrero, la Laguna de las Lavanderas ser\u00e1 el escenario de una gran fiesta que comenzar\u00e1, a las 19.30 horas, con la Elecci\u00f3n de Reinas.<\/p>\n\n\n\n<p>Durante la noche se podr\u00e1 disfrutar de m\u00fasica y color con la presentaci\u00f3n de Tardinha do Samba, Salt\u00f3 el Churr\u00e9, Unidos da Alegr\u00eda y Lonjas Bohemias.<\/p>\n\n\n\n<p>Adem\u00e1s, se contar\u00e1 con el gran show en vivo de Dami\u00e1n Lezcano.<\/p>\n\n\n\n<p>La invitaci\u00f3n es para toda la familia y con entrada libre.<\/p>\n\n\n\n<figure class=\"wp-block-image size-full\"><img loading=\"lazy\" decoding=\"async\" width=\"900\" height=\"1600\" src=\"https:\/\/tacuarembo.gub.uy\/wp-content\/uploads\/1000142538.jpg\" alt=\"\" class=\"wp-image-29662\" srcset=\"https:\/\/tacuarembo.gub.uy\/wp-content\/uploads\/1000142538.jpg 900w, https:\/\/tacuarembo.gub.uy\/wp-content\/uploads\/1000142538-768x1365.jpg 768w, https:\/\/tacuarembo.gub.uy\/wp-content\/uploads\/1000142538-864x1536.jpg 864w\" sizes=\"auto, (max-width: 900px) 100vw, 900px\" \/><\/figure>\n","protected":false},"excerpt":{"rendered":"<p>El Carnaval 2025 en Tacuaremb\u00f3 arranca con toda la alegr\u00eda y el ritmo que lo caracterizan. Este s\u00e1bado 1 de febrero, la Laguna de las Lavanderas ser\u00e1 el escenario de una gran fiesta que comenzar\u00e1, a las 19.30 horas, con la Elecci\u00f3n de Reinas<\/p>\n","protected":false},"author":3,"featured_media":29662,"comment_status":"open","ping_status":"open","sticky":false,"template":"","format":"standard","meta":{"_eb_attr":"","footnotes":""},"categories":[16],"tags":[],"class_list":{"0":"post-29661","1":"post","2":"type-post","3":"status-publish","4":"format-standard","5":"has-post-thumbnail","7":"category-noticias"},"_links":{"self":[{"href":"https:\/\/tacuarembo.gub.uy\/index.php?rest_route=\/wp\/v2\/posts\/29661","targetHints":{"allow":["GET"]}}],"collection":[{"href":"https:\/\/tacuarembo.gub.uy\/index.php?rest_route=\/wp\/v2\/posts"}],"about":[{"href":"https:\/\/tacuarembo.gub.uy\/index.php?rest_route=\/wp\/v2\/types\/post"}],"author":[{"embeddable":true,"href":"https:\/\/tacuarembo.gub.uy\/index.php?rest_route=\/wp\/v2\/users\/3"}],"replies":[{"embeddable":true,"href":"https:\/\/tacuarembo.gub.uy\/index.php?rest_route=%2Fwp%2Fv2%2Fcomments&post=29661"}],"version-history":[{"count":1,"href":"https:\/\/tacuarembo.gub.uy\/index.php?rest_route=\/wp\/v2\/posts\/29661\/revisions"}],"predecessor-version":[{"id":29663,"href":"https:\/\/tacuarembo.gub.uy\/index.php?rest_route=\/wp\/v2\/posts\/29661\/revisions\/29663"}],"wp:featuredmedia":[{"embeddable":true,"href":"https:\/\/tacuarembo.gub.uy\/index.php?rest_route=\/wp\/v2\/media\/29662"}],"wp:attachment":[{"href":"https:\/\/tacuarembo.gub.uy\/index.php?rest_route=%2Fwp%2Fv2%2Fmedia&parent=29661"}],"wp:term":[{"taxonomy":"category","embeddable":true,"href":"https:\/\/tacuarembo.gub.uy\/index.php?rest_route=%2Fwp%2Fv2%2Fcategories&post=29661"},{"taxonomy":"post_tag","embeddable":true,"href":"https:\/\/tacuarembo.gub.uy\/index.php?rest_route=%2Fwp%2Fv2%2Ftags&post=29661"}],"curies":[{"name":"wp","href":"https:\/\/api.w.org\/{rel}","templated":true}]}}