{"id":2960,"date":"2019-05-14T21:37:02","date_gmt":"2019-05-14T21:37:02","guid":{"rendered":"https:\/\/tacuarembo.gub.uy\/?p=2960"},"modified":"2019-05-14T21:37:02","modified_gmt":"2019-05-14T21:37:02","slug":"conferencias-de-prensa-6","status":"publish","type":"post","link":"https:\/\/tacuarembo.gub.uy\/?p=2960","title":{"rendered":"Conferencias de Prensa"},"content":{"rendered":"\n<p>La Direcci\u00f3n General de Deportes de la Intendencia de Tacuaremb\u00f3 invita al lanzamiento del Fronter\u00f3n, competencia que re\u00fane a ciclistas de todo el pa\u00eds y que se disputar\u00e1 en nuestra ciudad, teniendo c\u00f3mo centro el Balneario Ipor\u00e1.<\/p>\n\n\n\n<p>La Direcci\u00f3n General de Educaci\u00f3n y Cultura invita al lanzamiento de actividades culturales que tienen como protagonistas a m\u00fasicos int\u00e9rpretes del Bandone\u00f3n y saxofonistas. El anuncio se realizar\u00e1 este mi\u00e9rcoles 15 en la Casa de la Cultura a la hora 11.<\/p>\n\n\n\n<p>Este mi\u00e9rcoles 15 de Mayo se realizar\u00e1 en el Sal\u00f3n de Jefatura de\nPolic\u00eda de Tacuaremb\u00f3, una conferencia de prensa a los efectos de anunciar el\nprograma de actividades que se estar\u00e1 cumpliendo en el marco del denominado \u201cMayo,\nMes Amarillo. De estas instancias de prevenci\u00f3n participa la Direcci\u00f3n General\nde Transito.<\/p>\n","protected":false},"excerpt":{"rendered":"<p>La Intendencia Departamental de Tacuaremb\u00f3 informa sobre las siguientes conferencias de prensa&#8230;<\/p>\n","protected":false},"author":3,"featured_media":2810,"comment_status":"open","ping_status":"open","sticky":false,"template":"","format":"standard","meta":{"_eb_attr":"","footnotes":""},"categories":[16],"tags":[],"class_list":{"0":"post-2960","1":"post","2":"type-post","3":"status-publish","4":"format-standard","5":"has-post-thumbnail","7":"category-noticias"},"_links":{"self":[{"href":"https:\/\/tacuarembo.gub.uy\/index.php?rest_route=\/wp\/v2\/posts\/2960","targetHints":{"allow":["GET"]}}],"collection":[{"href":"https:\/\/tacuarembo.gub.uy\/index.php?rest_route=\/wp\/v2\/posts"}],"about":[{"href":"https:\/\/tacuarembo.gub.uy\/index.php?rest_route=\/wp\/v2\/types\/post"}],"author":[{"embeddable":true,"href":"https:\/\/tacuarembo.gub.uy\/index.php?rest_route=\/wp\/v2\/users\/3"}],"replies":[{"embeddable":true,"href":"https:\/\/tacuarembo.gub.uy\/index.php?rest_route=%2Fwp%2Fv2%2Fcomments&post=2960"}],"version-history":[{"count":1,"href":"https:\/\/tacuarembo.gub.uy\/index.php?rest_route=\/wp\/v2\/posts\/2960\/revisions"}],"predecessor-version":[{"id":2961,"href":"https:\/\/tacuarembo.gub.uy\/index.php?rest_route=\/wp\/v2\/posts\/2960\/revisions\/2961"}],"wp:featuredmedia":[{"embeddable":true,"href":"https:\/\/tacuarembo.gub.uy\/index.php?rest_route=\/wp\/v2\/media\/2810"}],"wp:attachment":[{"href":"https:\/\/tacuarembo.gub.uy\/index.php?rest_route=%2Fwp%2Fv2%2Fmedia&parent=2960"}],"wp:term":[{"taxonomy":"category","embeddable":true,"href":"https:\/\/tacuarembo.gub.uy\/index.php?rest_route=%2Fwp%2Fv2%2Fcategories&post=2960"},{"taxonomy":"post_tag","embeddable":true,"href":"https:\/\/tacuarembo.gub.uy\/index.php?rest_route=%2Fwp%2Fv2%2Ftags&post=2960"}],"curies":[{"name":"wp","href":"https:\/\/api.w.org\/{rel}","templated":true}]}}