{"id":2945,"date":"2019-05-13T22:25:36","date_gmt":"2019-05-13T22:25:36","guid":{"rendered":"https:\/\/tacuarembo.gub.uy\/?p=2945"},"modified":"2019-05-13T22:25:36","modified_gmt":"2019-05-13T22:25:36","slug":"acto-patriotico-del-18-de-mayo","status":"publish","type":"post","link":"https:\/\/tacuarembo.gub.uy\/?p=2945","title":{"rendered":"Acto Patri\u00f3tico del 18 de mayo"},"content":{"rendered":"\n<p>La Comisi\u00f3n\nPatri\u00f3tica de Tacuaremb\u00f3 resolvi\u00f3 realizar el acto conmemorativo de la Batalla\nde las Piedras y del D\u00eda del Ejercito, este s\u00e1bado 18 de mayo a la hora 10 y 30\nen Plaza 19 de abril. El mensaje alusivo a la fecha estar\u00e1 a cargo del Sub\nDirector del Liceo Militar Gral. Artigas, anexo norte, el Teniente Coronel\nAlejandro Franco.<\/p>\n","protected":false},"excerpt":{"rendered":"<p>La Comisi\u00f3n Patri\u00f3tica de Tacuaremb\u00f3 resolvi\u00f3 realizar el acto conmemorativo de la Batalla de las Piedras y del D\u00eda del Ejercito, este s\u00e1bado 18 de mayo a la hora 10 y 30 en Plaza 19 de abril. El mensaje alusivo a la fecha estar\u00e1 a cargo del Sub Director del Liceo Militar Gral. Artigas, anexo norte, el Teniente Coronel Alejandro Franco.<\/p>\n","protected":false},"author":3,"featured_media":2946,"comment_status":"open","ping_status":"open","sticky":false,"template":"","format":"standard","meta":{"_eb_attr":"","footnotes":""},"categories":[16],"tags":[],"class_list":{"0":"post-2945","1":"post","2":"type-post","3":"status-publish","4":"format-standard","5":"has-post-thumbnail","7":"category-noticias"},"_links":{"self":[{"href":"https:\/\/tacuarembo.gub.uy\/index.php?rest_route=\/wp\/v2\/posts\/2945","targetHints":{"allow":["GET"]}}],"collection":[{"href":"https:\/\/tacuarembo.gub.uy\/index.php?rest_route=\/wp\/v2\/posts"}],"about":[{"href":"https:\/\/tacuarembo.gub.uy\/index.php?rest_route=\/wp\/v2\/types\/post"}],"author":[{"embeddable":true,"href":"https:\/\/tacuarembo.gub.uy\/index.php?rest_route=\/wp\/v2\/users\/3"}],"replies":[{"embeddable":true,"href":"https:\/\/tacuarembo.gub.uy\/index.php?rest_route=%2Fwp%2Fv2%2Fcomments&post=2945"}],"version-history":[{"count":1,"href":"https:\/\/tacuarembo.gub.uy\/index.php?rest_route=\/wp\/v2\/posts\/2945\/revisions"}],"predecessor-version":[{"id":2947,"href":"https:\/\/tacuarembo.gub.uy\/index.php?rest_route=\/wp\/v2\/posts\/2945\/revisions\/2947"}],"wp:featuredmedia":[{"embeddable":true,"href":"https:\/\/tacuarembo.gub.uy\/index.php?rest_route=\/wp\/v2\/media\/2946"}],"wp:attachment":[{"href":"https:\/\/tacuarembo.gub.uy\/index.php?rest_route=%2Fwp%2Fv2%2Fmedia&parent=2945"}],"wp:term":[{"taxonomy":"category","embeddable":true,"href":"https:\/\/tacuarembo.gub.uy\/index.php?rest_route=%2Fwp%2Fv2%2Fcategories&post=2945"},{"taxonomy":"post_tag","embeddable":true,"href":"https:\/\/tacuarembo.gub.uy\/index.php?rest_route=%2Fwp%2Fv2%2Ftags&post=2945"}],"curies":[{"name":"wp","href":"https:\/\/api.w.org\/{rel}","templated":true}]}}