{"id":2942,"date":"2019-05-10T23:45:15","date_gmt":"2019-05-10T23:45:15","guid":{"rendered":"https:\/\/tacuarembo.gub.uy\/?p=2942"},"modified":"2019-05-11T11:49:45","modified_gmt":"2019-05-11T11:49:45","slug":"anglo-y-su-huella-en-uruguay","status":"publish","type":"post","link":"https:\/\/tacuarembo.gub.uy\/?p=2942","title":{"rendered":"Anglo y su huella en Uruguay"},"content":{"rendered":"\n<p>La Intendencia de Tacuaremb\u00f3 y el Ministerio de Turismo inauguron la muestra fotogr\u00e1fica itinerante del Frigor\u00edfico Anglo, en la ma\u00f1ana del viernes 10 de mayo, a las 11.00 horas, en el hall de la Intendencia (18 de Julio 164).<\/p>\n\n\n\n<p>La Muestra Fotogr\u00e1fica \u201cFray Bentos Paisaje Cultural Industrial\u201d, es una obra del fot\u00f3grafo brit\u00e1nico Ian Kemp que se presenta en Tacuaremb\u00f3, est\u00e1 organizada a iniciativa del Ministerio de Turismo (MINTUR) con la Cooperaci\u00f3n de la Embajada de Gran Breta\u00f1a.<\/p>\n\n\n\n<p>La muestra se present\u00f3 desde julio de 2015 en doce departamentos con el objetivo de dar a conocer el Patrimonio Cultural Industrial inscripto en la Lista Representativa del Patrimonio Natural y Cultural por UNESCO ese a\u00f1o.<\/p>\n\n\n\n<p>Este patrimonio \u00fanico en el mundo conserva la f\u00e1brica, oficinas administrativas, puerto, corrales y el barrio construido para alojar a los trabajadores y directivos de la f\u00e1brica. Adem\u00e1s viven a\u00fan trabajadores que desempe\u00f1aron su actividad durante d\u00e9cadas en la planta fabril, constituyendo un Patrimonio Cultural Inmaterial testimonio del per\u00edodo de instalaci\u00f3n, auge y final de la revoluci\u00f3n industrial en el R\u00edo de la Plata.<\/p>\n\n\n\n<p>La exposici\u00f3n refleja el recuerdo de lo que una vez fue conocida como la \u201cGran Cocina del Mundo\u201d y el invento de la Liebig\u2019s Extract of Meat Company, extracto de carne conocido como corned beef. Consiste en recordar el complejo industrial, siendo un homenaje al ex frigor\u00edfico Anglo pero tambi\u00e9n lo es al Uruguay y a una \u00e9poca dorada de la modernizaci\u00f3n nacional durante buena parte del siglo XX.<\/p>\n\n\n\n<p>El acto inauguraci\u00f3n, contar\u00e1 con la participaci\u00f3n del Sr. Intendente, Dr. Eber Da Rosa V\u00e1zquez, la Directora de Turismo Raquel Hern\u00e1ndez, el Subdirector de Turismo de la Intendencia de R\u00edo Negro, Miguel Garc\u00eda , el Director General de Deporte,Turismo y Juventud de la IDT Jorge Castelli. Por el Ministerio de Turismo, la  Lic. Paula Alves, referente de la Regi\u00f3n Norte y el Asesor de la Ministra Liliam Kechichian, Eduardo Le\u00f3n Duter, quien fue el encargado de presentar la exposici\u00f3n. El anfitri\u00f3n en esta instancia nuestro intendente Eber Da Rosa fue el encargado de compartir un mensaje de bienvenida.<\/p>\n\n\n\n<iframe loading=\"lazy\" width=\"853\" height=\"480\" src=\"https:\/\/www.youtube.com\/embed\/XVOV1ahTSMw\" frameborder=\"0\" allow=\"accelerometer; autoplay; encrypted-media; gyroscope; picture-in-picture\" allowfullscreen><\/iframe>\n","protected":false},"excerpt":{"rendered":"<p>La Intendencia de Tacuaremb\u00f3 y el Ministerio de Turismo inauguron la muestra fotogr\u00e1fica itinerante del Frigor\u00edfico Anglo, en la ma\u00f1ana del viernes 10 de mayo, a las 11.00 horas, en el hall de la Intendencia (18 de Julio 164).<\/p>\n","protected":false},"author":3,"featured_media":2943,"comment_status":"open","ping_status":"open","sticky":false,"template":"","format":"standard","meta":{"_eb_attr":"","footnotes":""},"categories":[16],"tags":[],"class_list":{"0":"post-2942","1":"post","2":"type-post","3":"status-publish","4":"format-standard","5":"has-post-thumbnail","7":"category-noticias"},"_links":{"self":[{"href":"https:\/\/tacuarembo.gub.uy\/index.php?rest_route=\/wp\/v2\/posts\/2942","targetHints":{"allow":["GET"]}}],"collection":[{"href":"https:\/\/tacuarembo.gub.uy\/index.php?rest_route=\/wp\/v2\/posts"}],"about":[{"href":"https:\/\/tacuarembo.gub.uy\/index.php?rest_route=\/wp\/v2\/types\/post"}],"author":[{"embeddable":true,"href":"https:\/\/tacuarembo.gub.uy\/index.php?rest_route=\/wp\/v2\/users\/3"}],"replies":[{"embeddable":true,"href":"https:\/\/tacuarembo.gub.uy\/index.php?rest_route=%2Fwp%2Fv2%2Fcomments&post=2942"}],"version-history":[{"count":1,"href":"https:\/\/tacuarembo.gub.uy\/index.php?rest_route=\/wp\/v2\/posts\/2942\/revisions"}],"predecessor-version":[{"id":2944,"href":"https:\/\/tacuarembo.gub.uy\/index.php?rest_route=\/wp\/v2\/posts\/2942\/revisions\/2944"}],"wp:featuredmedia":[{"embeddable":true,"href":"https:\/\/tacuarembo.gub.uy\/index.php?rest_route=\/wp\/v2\/media\/2943"}],"wp:attachment":[{"href":"https:\/\/tacuarembo.gub.uy\/index.php?rest_route=%2Fwp%2Fv2%2Fmedia&parent=2942"}],"wp:term":[{"taxonomy":"category","embeddable":true,"href":"https:\/\/tacuarembo.gub.uy\/index.php?rest_route=%2Fwp%2Fv2%2Fcategories&post=2942"},{"taxonomy":"post_tag","embeddable":true,"href":"https:\/\/tacuarembo.gub.uy\/index.php?rest_route=%2Fwp%2Fv2%2Ftags&post=2942"}],"curies":[{"name":"wp","href":"https:\/\/api.w.org\/{rel}","templated":true}]}}