{"id":2922,"date":"2019-05-09T02:13:27","date_gmt":"2019-05-09T02:13:27","guid":{"rendered":"https:\/\/tacuarembo.gub.uy\/?p=2922"},"modified":"2019-05-09T02:13:27","modified_gmt":"2019-05-09T02:13:27","slug":"se-lanzo-el-mes-del-libro","status":"publish","type":"post","link":"https:\/\/tacuarembo.gub.uy\/?p=2922","title":{"rendered":"Se lanz\u00f3 el Mes del Libro"},"content":{"rendered":"\n<p>Este viernes en la Casa de la Cultura, la IDT comienza el denominado mes del libro con la presentaci\u00f3n de una novela de Alfredo Yakes y que tendr\u00e1 diversas actividades d\u00f3nde se destaca para el 26 la tradicional Marat\u00f3n de lectura.<\/p>\n\n\n\n<iframe loading=\"lazy\" width=\"695\" height=\"391\" src=\"https:\/\/www.youtube.com\/embed\/lhJ9UGRVXos\" frameborder=\"0\" allow=\"accelerometer; autoplay; encrypted-media; gyroscope; picture-in-picture\" allowfullscreen><\/iframe>\n","protected":false},"excerpt":{"rendered":"<p>Este viernes en la Casa de la Cultura, la IDT comienza el denominado mes del libro con la presentaci\u00f3n de una novela de Alfredo Yakes y que tendr\u00e1 diversas actividades d\u00f3nde se destaca para el 26 la tradicional Marat\u00f3n de lectura.<\/p>\n","protected":false},"author":3,"featured_media":2923,"comment_status":"open","ping_status":"open","sticky":false,"template":"","format":"standard","meta":{"_eb_attr":"","footnotes":""},"categories":[16],"tags":[],"class_list":{"0":"post-2922","1":"post","2":"type-post","3":"status-publish","4":"format-standard","5":"has-post-thumbnail","7":"category-noticias"},"_links":{"self":[{"href":"https:\/\/tacuarembo.gub.uy\/index.php?rest_route=\/wp\/v2\/posts\/2922","targetHints":{"allow":["GET"]}}],"collection":[{"href":"https:\/\/tacuarembo.gub.uy\/index.php?rest_route=\/wp\/v2\/posts"}],"about":[{"href":"https:\/\/tacuarembo.gub.uy\/index.php?rest_route=\/wp\/v2\/types\/post"}],"author":[{"embeddable":true,"href":"https:\/\/tacuarembo.gub.uy\/index.php?rest_route=\/wp\/v2\/users\/3"}],"replies":[{"embeddable":true,"href":"https:\/\/tacuarembo.gub.uy\/index.php?rest_route=%2Fwp%2Fv2%2Fcomments&post=2922"}],"version-history":[{"count":1,"href":"https:\/\/tacuarembo.gub.uy\/index.php?rest_route=\/wp\/v2\/posts\/2922\/revisions"}],"predecessor-version":[{"id":2924,"href":"https:\/\/tacuarembo.gub.uy\/index.php?rest_route=\/wp\/v2\/posts\/2922\/revisions\/2924"}],"wp:featuredmedia":[{"embeddable":true,"href":"https:\/\/tacuarembo.gub.uy\/index.php?rest_route=\/wp\/v2\/media\/2923"}],"wp:attachment":[{"href":"https:\/\/tacuarembo.gub.uy\/index.php?rest_route=%2Fwp%2Fv2%2Fmedia&parent=2922"}],"wp:term":[{"taxonomy":"category","embeddable":true,"href":"https:\/\/tacuarembo.gub.uy\/index.php?rest_route=%2Fwp%2Fv2%2Fcategories&post=2922"},{"taxonomy":"post_tag","embeddable":true,"href":"https:\/\/tacuarembo.gub.uy\/index.php?rest_route=%2Fwp%2Fv2%2Ftags&post=2922"}],"curies":[{"name":"wp","href":"https:\/\/api.w.org\/{rel}","templated":true}]}}