{"id":2917,"date":"2019-05-06T22:10:06","date_gmt":"2019-05-06T22:10:06","guid":{"rendered":"https:\/\/tacuarembo.gub.uy\/?p=2917"},"modified":"2019-05-06T22:10:06","modified_gmt":"2019-05-06T22:10:06","slug":"elecciones-en-centro-de-barrio-no-6","status":"publish","type":"post","link":"https:\/\/tacuarembo.gub.uy\/?p=2917","title":{"rendered":"Elecciones en Centro de Barrio N\u00ba 6"},"content":{"rendered":"\n<p>La\nDir.Gral. de Desarrollo Social, Promoci\u00f3n Social invitan a vecinos y Comisiones\nBarriales de los barrios: Zapic\u00e1n, N\u00fa\u00f1ez, Montevideo, Licandro, Cuchilla de la\nGloria y El Patio; a inscribirse para&nbsp;\nelecci\u00f3n de las nuevas autoridades de Mesa Ejecutiva y Comisi\u00f3n Fiscal\nde Centro de Barrio N\u00ba 6, que se realizar\u00e1 el domingo 26 de mayo en horario de\n09:00 a 14:00 horas; las mismas se recepcionan en Centro de Barrio N\u00ba 6 y en\noficina de Promoci\u00f3n Social a partir del lunes 6 al jueves 23 de mayo en\nhorario de 12:30 a 18:00 horas.&nbsp; Los\nrequisitos son los siguientes: mayor de 18 a\u00f1os, contar con antig\u00fcedad de por\nlo menos 6 meses de residencia en la zona, concurrir con c\u00e9dula de identidad\nvigente, recibo de Ose, Ute o Antel que acredite domicilio.<\/p>\n","protected":false},"excerpt":{"rendered":"<p>La Dir.Gral. de Desarrollo Social, Promoci\u00f3n Social invitan a vecinos y Comisiones Barriales de los barrios: Zapic\u00e1n, N\u00fa\u00f1ez, Montevideo, Licandro, Cuchilla de la Gloria y El Patio<\/p>\n","protected":false},"author":3,"featured_media":2918,"comment_status":"open","ping_status":"open","sticky":false,"template":"","format":"standard","meta":{"_eb_attr":"","footnotes":""},"categories":[16],"tags":[],"class_list":{"0":"post-2917","1":"post","2":"type-post","3":"status-publish","4":"format-standard","5":"has-post-thumbnail","7":"category-noticias"},"_links":{"self":[{"href":"https:\/\/tacuarembo.gub.uy\/index.php?rest_route=\/wp\/v2\/posts\/2917","targetHints":{"allow":["GET"]}}],"collection":[{"href":"https:\/\/tacuarembo.gub.uy\/index.php?rest_route=\/wp\/v2\/posts"}],"about":[{"href":"https:\/\/tacuarembo.gub.uy\/index.php?rest_route=\/wp\/v2\/types\/post"}],"author":[{"embeddable":true,"href":"https:\/\/tacuarembo.gub.uy\/index.php?rest_route=\/wp\/v2\/users\/3"}],"replies":[{"embeddable":true,"href":"https:\/\/tacuarembo.gub.uy\/index.php?rest_route=%2Fwp%2Fv2%2Fcomments&post=2917"}],"version-history":[{"count":1,"href":"https:\/\/tacuarembo.gub.uy\/index.php?rest_route=\/wp\/v2\/posts\/2917\/revisions"}],"predecessor-version":[{"id":2919,"href":"https:\/\/tacuarembo.gub.uy\/index.php?rest_route=\/wp\/v2\/posts\/2917\/revisions\/2919"}],"wp:featuredmedia":[{"embeddable":true,"href":"https:\/\/tacuarembo.gub.uy\/index.php?rest_route=\/wp\/v2\/media\/2918"}],"wp:attachment":[{"href":"https:\/\/tacuarembo.gub.uy\/index.php?rest_route=%2Fwp%2Fv2%2Fmedia&parent=2917"}],"wp:term":[{"taxonomy":"category","embeddable":true,"href":"https:\/\/tacuarembo.gub.uy\/index.php?rest_route=%2Fwp%2Fv2%2Fcategories&post=2917"},{"taxonomy":"post_tag","embeddable":true,"href":"https:\/\/tacuarembo.gub.uy\/index.php?rest_route=%2Fwp%2Fv2%2Ftags&post=2917"}],"curies":[{"name":"wp","href":"https:\/\/api.w.org\/{rel}","templated":true}]}}