{"id":2898,"date":"2019-05-06T21:42:45","date_gmt":"2019-05-06T21:42:45","guid":{"rendered":"https:\/\/tacuarembo.gub.uy\/?p=2898"},"modified":"2019-05-06T21:42:45","modified_gmt":"2019-05-06T21:42:45","slug":"paso-de-los-toros-llegaron-mas-contenedores","status":"publish","type":"post","link":"https:\/\/tacuarembo.gub.uy\/?p=2898","title":{"rendered":"Paso de los Toros, llegaron m\u00e1s contenedores"},"content":{"rendered":"\n<p>Los\n 162 contenedores para residuos domiciliarios que faltaban para cerrar \nel circuito de recolecci\u00f3n en toda la ciudad llegaron en la presente \njornada.<\/p>\n\n\n\n<p>Los\n contenedores son similares a los ya existentes de color azul, de origen\n espa\u00f1ol, con una capacidad de carga de 700 a 800 litros, de material \npl\u00e1stico, con ruedas y desmontables. Personal de la empresa importadora,\n procedi\u00f3 a su armado en el predio del complejo municipal.<\/p>\n\n\n\n<p>La\n llegada de \u00e9stos contenedores que ser\u00e1n emplazados en nuevos puntos de \nla ciudad, permitir\u00e1 completar el plan de limpieza prometido durante \n\u00e9sta gesti\u00f3n, con la comodidad que significa para los vecinos que \ndeber\u00e1n desplazarse un m\u00e1ximo de una cuadra para depositar los residuos \ndomiciliarios en esos recipientes, pudiendo hacerlo a cualquier hora, \nsin que \u00e9stos queden expuestos al clima o a la acci\u00f3n de canes o \nvandalismo.&nbsp;<\/p>\n\n\n\n<p>Una vez ploteados, ser\u00e1n distribuidos en el \u00e1rea de 18 de Julio y \u00c1ngela B. de L\u00f3pez hacia el barrio Charr\u00faa.<\/p>\n\n\n\n\t\t<style type=\"text\/css\">\n\t\t\t#gallery-1 {\n\t\t\t\tmargin: auto;\n\t\t\t}\n\t\t\t#gallery-1 .gallery-item {\n\t\t\t\tfloat: left;\n\t\t\t\tmargin-top: 10px;\n\t\t\t\ttext-align: center;\n\t\t\t\twidth: 33%;\n\t\t\t}\n\t\t\t#gallery-1 img {\n\t\t\t\tborder: 2px solid #cfcfcf;\n\t\t\t}\n\t\t\t#gallery-1 .gallery-caption {\n\t\t\t\tmargin-left: 0;\n\t\t\t}\n\t\t\t\/* see gallery_shortcode() in wp-includes\/media.php *\/\n\t\t<\/style>\n\t\t<div id='gallery-1' class='gallery galleryid-2898 gallery-columns-3 gallery-size-thumbnail'><dl class='gallery-item'>\n\t\t\t<dt class='gallery-icon landscape'>\n\t\t\t\t<a href='https:\/\/tacuarembo.gub.uy\/wp-content\/uploads\/IMG_20190506_105925.jpg'><img loading=\"lazy\" decoding=\"async\" width=\"200\" height=\"140\" src=\"https:\/\/tacuarembo.gub.uy\/wp-content\/uploads\/IMG_20190506_105925-200x140.jpg\" class=\"attachment-thumbnail size-thumbnail\" alt=\"\" aria-describedby=\"gallery-1-2899\" \/><\/a>\n\t\t\t<\/dt>\n\t\t\t\t<dd class='wp-caption-text gallery-caption' id='gallery-1-2899'>\n\t\t\t\tsmartcapture\n\t\t\t\t<\/dd><\/dl><dl class='gallery-item'>\n\t\t\t<dt class='gallery-icon landscape'>\n\t\t\t\t<a href='https:\/\/tacuarembo.gub.uy\/wp-content\/uploads\/IMG_20190506_105900.jpg'><img loading=\"lazy\" decoding=\"async\" width=\"200\" height=\"140\" src=\"https:\/\/tacuarembo.gub.uy\/wp-content\/uploads\/IMG_20190506_105900-200x140.jpg\" class=\"attachment-thumbnail size-thumbnail\" alt=\"\" aria-describedby=\"gallery-1-2900\" \/><\/a>\n\t\t\t<\/dt>\n\t\t\t\t<dd class='wp-caption-text gallery-caption' id='gallery-1-2900'>\n\t\t\t\tsmartcapture\n\t\t\t\t<\/dd><\/dl><dl class='gallery-item'>\n\t\t\t<dt class='gallery-icon landscape'>\n\t\t\t\t<a href='https:\/\/tacuarembo.gub.uy\/wp-content\/uploads\/IMG_20190506_105846.jpg'><img loading=\"lazy\" decoding=\"async\" width=\"200\" height=\"140\" src=\"https:\/\/tacuarembo.gub.uy\/wp-content\/uploads\/IMG_20190506_105846-200x140.jpg\" class=\"attachment-thumbnail size-thumbnail\" alt=\"\" aria-describedby=\"gallery-1-2901\" \/><\/a>\n\t\t\t<\/dt>\n\t\t\t\t<dd class='wp-caption-text gallery-caption' id='gallery-1-2901'>\n\t\t\t\tsmartcapture\n\t\t\t\t<\/dd><\/dl><br style=\"clear: both\" \/>\n\t\t<\/div>\n","protected":false},"excerpt":{"rendered":"<p>Los contenedores son similares a los ya existentes de color azul, de origen espa\u00f1ol, con una capacidad de carga de 700 a 800 litros, de material pl\u00e1stico, con ruedas y desmontables. Personal de la empresa importadora, procedi\u00f3 a su armado en el predio del complejo municipal.<\/p>\n","protected":false},"author":3,"featured_media":2899,"comment_status":"open","ping_status":"open","sticky":false,"template":"","format":"standard","meta":{"_eb_attr":"","footnotes":""},"categories":[16],"tags":[],"class_list":{"0":"post-2898","1":"post","2":"type-post","3":"status-publish","4":"format-standard","5":"has-post-thumbnail","7":"category-noticias"},"_links":{"self":[{"href":"https:\/\/tacuarembo.gub.uy\/index.php?rest_route=\/wp\/v2\/posts\/2898","targetHints":{"allow":["GET"]}}],"collection":[{"href":"https:\/\/tacuarembo.gub.uy\/index.php?rest_route=\/wp\/v2\/posts"}],"about":[{"href":"https:\/\/tacuarembo.gub.uy\/index.php?rest_route=\/wp\/v2\/types\/post"}],"author":[{"embeddable":true,"href":"https:\/\/tacuarembo.gub.uy\/index.php?rest_route=\/wp\/v2\/users\/3"}],"replies":[{"embeddable":true,"href":"https:\/\/tacuarembo.gub.uy\/index.php?rest_route=%2Fwp%2Fv2%2Fcomments&post=2898"}],"version-history":[{"count":1,"href":"https:\/\/tacuarembo.gub.uy\/index.php?rest_route=\/wp\/v2\/posts\/2898\/revisions"}],"predecessor-version":[{"id":2902,"href":"https:\/\/tacuarembo.gub.uy\/index.php?rest_route=\/wp\/v2\/posts\/2898\/revisions\/2902"}],"wp:featuredmedia":[{"embeddable":true,"href":"https:\/\/tacuarembo.gub.uy\/index.php?rest_route=\/wp\/v2\/media\/2899"}],"wp:attachment":[{"href":"https:\/\/tacuarembo.gub.uy\/index.php?rest_route=%2Fwp%2Fv2%2Fmedia&parent=2898"}],"wp:term":[{"taxonomy":"category","embeddable":true,"href":"https:\/\/tacuarembo.gub.uy\/index.php?rest_route=%2Fwp%2Fv2%2Fcategories&post=2898"},{"taxonomy":"post_tag","embeddable":true,"href":"https:\/\/tacuarembo.gub.uy\/index.php?rest_route=%2Fwp%2Fv2%2Ftags&post=2898"}],"curies":[{"name":"wp","href":"https:\/\/api.w.org\/{rel}","templated":true}]}}