{"id":2892,"date":"2019-05-04T13:43:19","date_gmt":"2019-05-04T13:43:19","guid":{"rendered":"https:\/\/tacuarembo.gub.uy\/?p=2892"},"modified":"2019-05-04T13:43:19","modified_gmt":"2019-05-04T13:43:19","slug":"fue-presentada-la-nueva-terminal-de-paso-de-los-toros-a-las-empresas","status":"publish","type":"post","link":"https:\/\/tacuarembo.gub.uy\/?p=2892","title":{"rendered":"Fue presentada la nueva Terminal de Paso de los Toros a las empresas"},"content":{"rendered":"\n<p>T\u00e9cnicos liderados por el Arquitecto Andr\u00e9s Miqueiro creador del Proyecto Terminal de \u00d3mnibus de Paso de los Toros, junto al Director de Obras de la Intendencia Arq. Enzo Vallejos m\u00e1s un equipo especializado en materia vial formado por el Ing. Lucas Faccelo y la asesora de la Intendencia Silvia Silveira, acompa\u00f1ados por el alcalde Juan Jos\u00e9 L\u00f3pez S\u00e1nchez y las Directoras de Tr\u00e1nsito y Obras del Municipio, presentaron a representantes de las empresas de transporte, los pormenores del proyecto que comenzar\u00e1 a construirse en unos 60 d\u00edas.<br>El edificio tendr\u00e1 caracter\u00edsticas integradoras al espacio urban\u00edstico que ocupar\u00e1. Desde la geometr\u00eda, ser\u00e1 un prisma con car\u00e1cter ic\u00f3nico para complementar lo que se encuentra a su alrededor.<br>El proyecto se comprimi\u00f3 a un sector de la manzana, contemplando un tercio del espacio, teniendo en cuenta una expansi\u00f3n de acuerdo al servicio que se transforme en una demanda.<br>El \u00e1rea de uso interior tendr\u00e1 una superficie de 1200 metros cuadrados, la zona pavimentada para colectivos, veh\u00edculos y proveedores constar\u00e1 de otros 1200 metros, y de 900 metros cuadrados ser\u00e1 el \u00e1rea parquizada.<br>Entre \u00e9stos espacios verdes estar\u00e1 el destinado al omb\u00fa que hoy se encuentra en el predio, el cu\u00e1l ser\u00e1 trasplantado a ese nuevo lugar.<br>En el interior del edificio, habr\u00e1 8 m\u00f3dulos para agencias, que a su fondo se comunicar\u00e1n con los 5 andenes techados. Cada agencia contar\u00e1 con un mostrador para atenci\u00f3n al p\u00fablico, al fondo un \u00e1rea de 17 metros cuadrados para dep\u00f3sito, y un segundo nivel de 24 m2, al que se accede por escalera y ser\u00e1 destinado a tareas administrativas de las empresas arrendatarias.<br>La sala de espera contar\u00e1 con lugar para 250 personas, habr\u00e1 adem\u00e1s un quiosco, un restaurante, gabinetes higi\u00e9nicos, y un sector destinado a equipos t\u00e9cnicos como la central del sistema de datos, telefon\u00eda, internet, atenci\u00f3n contra incendios y c\u00e1maras de seguridad, aunque est\u00e1 prevista la incorporaci\u00f3n de nuevos servicios y locales comerciales.<br>Tambi\u00e9n se inform\u00f3 a los presentes que el edificio contar\u00e1 con un sistema de recolecci\u00f3n de agua de lluvia que abastecer\u00e1 el riego del \u00e1rea parquizada y las cisternas de los sanitarios. Y que el abastecimiento energ\u00e9tico para iluminaci\u00f3n y confort ser\u00e1 con tecnolog\u00eda de punta, con fines de eficiencia y ahorro energ\u00e9tico, a trav\u00e9s de equipamientos con tecnolog\u00eda invertir e iluminaci\u00f3n led tanto en interior como exterior.Participaron las empresas Agencia, Cut, Turismar, Roccas, Ciudad de Gualeguay, Turil y Nossar.<\/p>\n\n\n\n\t\t<style type=\"text\/css\">\n\t\t\t#gallery-1 {\n\t\t\t\tmargin: auto;\n\t\t\t}\n\t\t\t#gallery-1 .gallery-item {\n\t\t\t\tfloat: left;\n\t\t\t\tmargin-top: 10px;\n\t\t\t\ttext-align: center;\n\t\t\t\twidth: 33%;\n\t\t\t}\n\t\t\t#gallery-1 img {\n\t\t\t\tborder: 2px solid #cfcfcf;\n\t\t\t}\n\t\t\t#gallery-1 .gallery-caption {\n\t\t\t\tmargin-left: 0;\n\t\t\t}\n\t\t\t\/* see gallery_shortcode() in wp-includes\/media.php *\/\n\t\t<\/style>\n\t\t<div id='gallery-1' class='gallery galleryid-2892 gallery-columns-3 gallery-size-thumbnail'><dl class='gallery-item'>\n\t\t\t<dt class='gallery-icon landscape'>\n\t\t\t\t<a href='https:\/\/tacuarembo.gub.uy\/wp-content\/uploads\/WhatsApp-Image-2019-05-03-at-22.22.491.jpeg'><img loading=\"lazy\" decoding=\"async\" width=\"200\" height=\"140\" src=\"https:\/\/tacuarembo.gub.uy\/wp-content\/uploads\/WhatsApp-Image-2019-05-03-at-22.22.491-200x140.jpeg\" class=\"attachment-thumbnail size-thumbnail\" alt=\"\" \/><\/a>\n\t\t\t<\/dt><\/dl><dl class='gallery-item'>\n\t\t\t<dt class='gallery-icon landscape'>\n\t\t\t\t<a href='https:\/\/tacuarembo.gub.uy\/wp-content\/uploads\/WhatsApp-Image-2019-05-03-at-22.22.49.jpeg'><img loading=\"lazy\" decoding=\"async\" width=\"200\" height=\"140\" src=\"https:\/\/tacuarembo.gub.uy\/wp-content\/uploads\/WhatsApp-Image-2019-05-03-at-22.22.49-200x140.jpeg\" class=\"attachment-thumbnail size-thumbnail\" alt=\"\" \/><\/a>\n\t\t\t<\/dt><\/dl><dl class='gallery-item'>\n\t\t\t<dt class='gallery-icon landscape'>\n\t\t\t\t<a href='https:\/\/tacuarembo.gub.uy\/wp-content\/uploads\/WhatsApp-Image-2019-05-03-at-22.22.501.jpeg'><img loading=\"lazy\" decoding=\"async\" width=\"200\" height=\"140\" src=\"https:\/\/tacuarembo.gub.uy\/wp-content\/uploads\/WhatsApp-Image-2019-05-03-at-22.22.501-200x140.jpeg\" class=\"attachment-thumbnail size-thumbnail\" alt=\"\" \/><\/a>\n\t\t\t<\/dt><\/dl><br style=\"clear: both\" \/><dl class='gallery-item'>\n\t\t\t<dt class='gallery-icon landscape'>\n\t\t\t\t<a href='https:\/\/tacuarembo.gub.uy\/wp-content\/uploads\/WhatsApp-Image-2019-05-03-at-22.22.50.jpeg'><img loading=\"lazy\" decoding=\"async\" width=\"200\" height=\"140\" src=\"https:\/\/tacuarembo.gub.uy\/wp-content\/uploads\/WhatsApp-Image-2019-05-03-at-22.22.50-200x140.jpeg\" class=\"attachment-thumbnail size-thumbnail\" alt=\"\" \/><\/a>\n\t\t\t<\/dt><\/dl>\n\t\t\t<br style='clear: both' \/>\n\t\t<\/div>\n","protected":false},"excerpt":{"rendered":"<p>T\u00e9cnicos liderados por el Arquitecto Andr\u00e9s Miqueiro creador del Proyecto Terminal de \u00d3mnibus de Paso de los Toros, junto al Director de Obras de la Intendencia Arq. Enzo Vallejos m\u00e1s un equipo especializado en materia vial formado por el Ing. Lucas Faccelo y la asesora de la Intendencia Silvia Silveira, acompa\u00f1ados por el alcalde Juan Jos\u00e9 L\u00f3pez S\u00e1nchez y las Directoras de Tr\u00e1nsito y Obras del Municipio<\/p>\n","protected":false},"author":3,"featured_media":2894,"comment_status":"open","ping_status":"open","sticky":false,"template":"","format":"standard","meta":{"_eb_attr":"","footnotes":""},"categories":[16],"tags":[],"class_list":{"0":"post-2892","1":"post","2":"type-post","3":"status-publish","4":"format-standard","5":"has-post-thumbnail","7":"category-noticias"},"_links":{"self":[{"href":"https:\/\/tacuarembo.gub.uy\/index.php?rest_route=\/wp\/v2\/posts\/2892","targetHints":{"allow":["GET"]}}],"collection":[{"href":"https:\/\/tacuarembo.gub.uy\/index.php?rest_route=\/wp\/v2\/posts"}],"about":[{"href":"https:\/\/tacuarembo.gub.uy\/index.php?rest_route=\/wp\/v2\/types\/post"}],"author":[{"embeddable":true,"href":"https:\/\/tacuarembo.gub.uy\/index.php?rest_route=\/wp\/v2\/users\/3"}],"replies":[{"embeddable":true,"href":"https:\/\/tacuarembo.gub.uy\/index.php?rest_route=%2Fwp%2Fv2%2Fcomments&post=2892"}],"version-history":[{"count":1,"href":"https:\/\/tacuarembo.gub.uy\/index.php?rest_route=\/wp\/v2\/posts\/2892\/revisions"}],"predecessor-version":[{"id":2897,"href":"https:\/\/tacuarembo.gub.uy\/index.php?rest_route=\/wp\/v2\/posts\/2892\/revisions\/2897"}],"wp:featuredmedia":[{"embeddable":true,"href":"https:\/\/tacuarembo.gub.uy\/index.php?rest_route=\/wp\/v2\/media\/2894"}],"wp:attachment":[{"href":"https:\/\/tacuarembo.gub.uy\/index.php?rest_route=%2Fwp%2Fv2%2Fmedia&parent=2892"}],"wp:term":[{"taxonomy":"category","embeddable":true,"href":"https:\/\/tacuarembo.gub.uy\/index.php?rest_route=%2Fwp%2Fv2%2Fcategories&post=2892"},{"taxonomy":"post_tag","embeddable":true,"href":"https:\/\/tacuarembo.gub.uy\/index.php?rest_route=%2Fwp%2Fv2%2Ftags&post=2892"}],"curies":[{"name":"wp","href":"https:\/\/api.w.org\/{rel}","templated":true}]}}