{"id":28750,"date":"2024-12-12T16:07:56","date_gmt":"2024-12-12T19:07:56","guid":{"rendered":"https:\/\/tacuarembo.gub.uy\/?p=28750"},"modified":"2024-12-12T16:07:56","modified_gmt":"2024-12-12T19:07:56","slug":"ganadores-de-la-edicion-2024-del-concurso-literario-tomas-de-mattos","status":"publish","type":"post","link":"https:\/\/tacuarembo.gub.uy\/?p=28750","title":{"rendered":"Ganadores de la edici\u00f3n 2024 del Concurso Literario Tomas de Mattos"},"content":{"rendered":"\n<p>Culmin\u00f3 la novena edici\u00f3n del Concurso Literario \u00abTom\u00e1s de Mattos\u00bb, que cont\u00f3 con la participaci\u00f3n de 94 obras: 54 cuentos y 40 poemas. Este certamen, dirigido a j\u00f3venes de entre 14 y 29 a\u00f1os, sigue consolid\u00e1ndose como un espacio para fomentar la creatividad literaria en el pa\u00eds.<\/p>\n\n\n\n<p>En la categor\u00eda de cuentos y relatos, los encargados de evaluar los trabajos fueron el escritor Santiago Cort\u00e9s, la profesora Laura Gonz\u00e1lez y la escritora Natalia Sobredo. Por su parte, el jurado de poes\u00eda se conform\u00f3 con el profesor \u00d3scar Brocco, la maestra Mar\u00eda Jos\u00e9 Fag\u00fandez y el t\u00e9cnico en museolog\u00eda Omar Tagore.<\/p>\n\n\n\n<p><strong>Narrativa<\/strong><\/p>\n\n\n\n<p>Categor\u00eda 14 a 18 a\u00f1os:<\/p>\n\n\n\n<p>Primer premio para Luc\u00eda Muntz Saffores (18 a\u00f1os, Montevideo) con el cuento \u201cProblemas con el champ\u00e1n\u201d, bajo el seud\u00f3nimo \u00abLux\u00bb.<\/p>\n\n\n\n<p>Categor\u00eda 19 a 29 a\u00f1os:<\/p>\n\n\n\n<p>Primer premio para Diego Ferreira Caballero (27 a\u00f1os, Durazno) con \u201cEl susurro\u201d, presentado bajo el seud\u00f3nimo \u00abSr. Zunz\u00bb.<\/p>\n\n\n\n<p><strong>Poes\u00eda<\/strong><\/p>\n\n\n\n<p>Categor\u00eda 14 a 18 a\u00f1os:<\/p>\n\n\n\n<p>Primer premio para Oriana Toledo Morosini (17 a\u00f1os, Montevideo) con una poes\u00eda destacada por su profundidad y emotividad, firmada bajo el seud\u00f3nimo \u00abGolondrina\u00bb.<\/p>\n\n\n\n<p>Categor\u00eda 19 a 29 a\u00f1os:<\/p>\n\n\n\n<p>Primer premio para Florencia Rigaud Sadovy (28 a\u00f1os, Montevideo) con un poema de exquisita madurez y belleza, presentado bajo el seud\u00f3nimo \u00abA\u00edda\u00bb.<br>Menciones especiales<\/p>\n\n\n\n<p>El jurado tambi\u00e9n otorg\u00f3 menciones especiales a Alexa Rodr\u00edguez Coronel (17 a\u00f1os, Cerro Largo), bajo el seud\u00f3nimo \u00abRyo Sergeyev\u00bb, y a Nahuel P\u00e9rez P\u00e9rez (24 a\u00f1os, Salto), bajo el seud\u00f3nimo \u00abChancho Rengo\u00bb.<\/p>\n\n\n\n<figure class=\"wp-block-image size-full\"><img loading=\"lazy\" decoding=\"async\" width=\"1080\" height=\"1080\" src=\"https:\/\/tacuarembo.gub.uy\/wp-content\/uploads\/WhatsApp-Image-2024-12-12-at-16.05.50.jpeg\" alt=\"\" class=\"wp-image-28751\" srcset=\"https:\/\/tacuarembo.gub.uy\/wp-content\/uploads\/WhatsApp-Image-2024-12-12-at-16.05.50.jpeg 1080w, https:\/\/tacuarembo.gub.uy\/wp-content\/uploads\/WhatsApp-Image-2024-12-12-at-16.05.50-768x768.jpeg 768w\" sizes=\"auto, (max-width: 1080px) 100vw, 1080px\" \/><\/figure>\n","protected":false},"excerpt":{"rendered":"<p>Culmin\u00f3 la novena edici\u00f3n del Concurso Literario \u00abTom\u00e1s de Mattos\u00bb, que cont\u00f3 con la participaci\u00f3n de 94 obras: 54 cuentos y 40 poemas. Este certamen, dirigido a j\u00f3venes de entre 14 y 29 a\u00f1os, sigue consolid\u00e1ndose como un espacio para fomentar la creatividad literaria en el pa\u00eds.<\/p>\n","protected":false},"author":3,"featured_media":28751,"comment_status":"open","ping_status":"open","sticky":false,"template":"","format":"standard","meta":{"_eb_attr":"","footnotes":""},"categories":[16],"tags":[],"class_list":{"0":"post-28750","1":"post","2":"type-post","3":"status-publish","4":"format-standard","5":"has-post-thumbnail","7":"category-noticias"},"_links":{"self":[{"href":"https:\/\/tacuarembo.gub.uy\/index.php?rest_route=\/wp\/v2\/posts\/28750","targetHints":{"allow":["GET"]}}],"collection":[{"href":"https:\/\/tacuarembo.gub.uy\/index.php?rest_route=\/wp\/v2\/posts"}],"about":[{"href":"https:\/\/tacuarembo.gub.uy\/index.php?rest_route=\/wp\/v2\/types\/post"}],"author":[{"embeddable":true,"href":"https:\/\/tacuarembo.gub.uy\/index.php?rest_route=\/wp\/v2\/users\/3"}],"replies":[{"embeddable":true,"href":"https:\/\/tacuarembo.gub.uy\/index.php?rest_route=%2Fwp%2Fv2%2Fcomments&post=28750"}],"version-history":[{"count":1,"href":"https:\/\/tacuarembo.gub.uy\/index.php?rest_route=\/wp\/v2\/posts\/28750\/revisions"}],"predecessor-version":[{"id":28752,"href":"https:\/\/tacuarembo.gub.uy\/index.php?rest_route=\/wp\/v2\/posts\/28750\/revisions\/28752"}],"wp:featuredmedia":[{"embeddable":true,"href":"https:\/\/tacuarembo.gub.uy\/index.php?rest_route=\/wp\/v2\/media\/28751"}],"wp:attachment":[{"href":"https:\/\/tacuarembo.gub.uy\/index.php?rest_route=%2Fwp%2Fv2%2Fmedia&parent=28750"}],"wp:term":[{"taxonomy":"category","embeddable":true,"href":"https:\/\/tacuarembo.gub.uy\/index.php?rest_route=%2Fwp%2Fv2%2Fcategories&post=28750"},{"taxonomy":"post_tag","embeddable":true,"href":"https:\/\/tacuarembo.gub.uy\/index.php?rest_route=%2Fwp%2Fv2%2Ftags&post=28750"}],"curies":[{"name":"wp","href":"https:\/\/api.w.org\/{rel}","templated":true}]}}