{"id":28680,"date":"2024-12-11T22:22:59","date_gmt":"2024-12-12T01:22:59","guid":{"rendered":"https:\/\/tacuarembo.gub.uy\/?p=28680"},"modified":"2024-12-12T10:42:37","modified_gmt":"2024-12-12T13:42:37","slug":"apertura-del-festival-de-tango-carlos-gardel-se-vivio-con-emocion-y-a-sala-llena","status":"publish","type":"post","link":"https:\/\/tacuarembo.gub.uy\/?p=28680","title":{"rendered":"Apertura del Festival de Tango Carlos Gardel se vivi\u00f3 con emoci\u00f3n y a sala llena"},"content":{"rendered":"\n<p>El acto de apertura del Primer Festival de Tango Carlos Gardel, en el escenario ubicado frente al Teatro Escayola, marc\u00f3 el inicio de un evento esperado en el departamento. La propuesta se desarrollar\u00e1 hasta el domingo 15 de diciembre.<\/p>\n\n\n\n<p>Cabe destacar que durante las jornadas habr\u00e1 espect\u00e1culos musicales, visitas guiadas, conferencias, presentaciones de libros, debates y proyecciones de pel\u00edculas.<\/p>\n\n\n\n<p>La apertura fue acompa\u00f1ada por el estreno de la obra \u201cVolver\u201d y la presentaci\u00f3n de \u201cTacuaremb\u00f3 Tango\u201d.<\/p>\n\n\n\n<p>La directora del Teatro Escayola, Matilde Vera, expres\u00f3 su honor por dar inicio al Primer Festival de Tango Carlos Gardel: \u201cHoy celebramos tambi\u00e9n el cierre de la temporada del Teatro Escayola que es patrimonio nacional y un puente entre nuestra historia y el futuro\u201d, afirm\u00f3.<\/p>\n\n\n\n<p>Se\u00f1al\u00f3 que \u201ceste festival celebra la m\u00fasica y el legado de Carlos Gardel, as\u00ed como el profundo v\u00ednculo entre el Teateo Escayola y la ciudad, la comunidad, el pa\u00eds y el mundo porque es un espacio que conecta nuestra identidad y nos proyecta\u201d.<\/p>\n\n\n\n<p>Adem\u00e1s, le agradeci\u00f3 especialmente al Intendente Wilson Ezquerra por darle la importancia que el lugar se merece y promover un modelo de gesti\u00f3n abierto. Tambi\u00e9n tuvo c\u00e1lidas palabras con los funcionarios del teatro y los trabajadores municipales, adem\u00e1s de agradecerle al p\u00fablico ppr acompa\u00f1ar durante todo el a\u00f1o.<\/p>\n\n\n\n<p>En otro orden, destac\u00f3 el rol de \u201cTacuaremb\u00f3 Tango\u201d que es un grupo que lleva a\u00f1os promoviendo el tango: \u201cRepresentan el alma del festival y por eso est\u00e1n presentes en la apertura de este evento\u201d.<\/p>\n\n\n\n<p>La integrante de la organizaci\u00f3n, Erika Hoffman, se\u00f1al\u00f3 que \u201choy es un d\u00eda que quedar\u00e1 grabado en la historia de Tacuaremb\u00f3 porque nos reunimos para celebrar un legado que a traspasado fronteras: el tango. Esto se da a 15 a\u00f1os de que el tango fuera declarado Patrimonio Inmaterial y en el d\u00eda del aniversario de Carlos Gardel\u201d.<\/p>\n\n\n\n<p>\u201cEsto convierte a la ciudad en la capital mundial del tango y as\u00ed queremos que se posicione; durante estos d\u00edas el g\u00e9nero estar\u00e1 presente en todos los rincones y en el propio Teatro Escayola\u201d. A\u00f1adi\u00f3 que cada una de las propuestas de esta semana ser\u00e1 un punto de encuentro para todos y permitir\u00e1 sentir la herencia viva de Carlos Gardel\u201d.<\/p>\n\n\n\n<div class=\"wp-block-image-gallery-block-image-gallery-block\"><div class=\"eb-parent-wrapper eb-parent-eb-image-gallery-36vqj \"><div class=\"eb-gallery-img-wrapper eb-image-gallery-36vqj grid overlay-bottom caption-style-0   no-isotope \" data-id=\"eb-image-gallery-36vqj\"><a href=\"https:\/\/tacuarembo.gub.uy\/wp-content\/uploads\/1000133765-scaled.jpg\" rel=\"noopener\" data-fslightbox=\"gallery\" data-type=\"image\" class=\"eb-gallery-img-content eb-filter-img-\"><span class=\"eb-gallery-link-wrapper\"><img decoding=\"async\" class=\"eb-gallery-img\" src=\"https:\/\/tacuarembo.gub.uy\/wp-content\/uploads\/1000133765-scaled.jpg\" image-index=\"0\" alt=\"\"\/><\/span><\/a><a href=\"https:\/\/tacuarembo.gub.uy\/wp-content\/uploads\/1000133764-scaled.jpg\" rel=\"noopener\" data-fslightbox=\"gallery\" data-type=\"image\" class=\"eb-gallery-img-content eb-filter-img-\"><span class=\"eb-gallery-link-wrapper\"><img decoding=\"async\" class=\"eb-gallery-img\" src=\"https:\/\/tacuarembo.gub.uy\/wp-content\/uploads\/1000133764-scaled.jpg\" image-index=\"1\" alt=\"\"\/><\/span><\/a><a href=\"https:\/\/tacuarembo.gub.uy\/wp-content\/uploads\/1000133763-scaled.jpg\" rel=\"noopener\" data-fslightbox=\"gallery\" data-type=\"image\" class=\"eb-gallery-img-content eb-filter-img-\"><span class=\"eb-gallery-link-wrapper\"><img decoding=\"async\" class=\"eb-gallery-img\" src=\"https:\/\/tacuarembo.gub.uy\/wp-content\/uploads\/1000133763-scaled.jpg\" image-index=\"2\" alt=\"\"\/><\/span><\/a><a href=\"https:\/\/tacuarembo.gub.uy\/wp-content\/uploads\/1000133762-scaled.jpg\" rel=\"noopener\" data-fslightbox=\"gallery\" data-type=\"image\" class=\"eb-gallery-img-content eb-filter-img-\"><span class=\"eb-gallery-link-wrapper\"><img decoding=\"async\" class=\"eb-gallery-img\" src=\"https:\/\/tacuarembo.gub.uy\/wp-content\/uploads\/1000133762-scaled.jpg\" image-index=\"3\" alt=\"\"\/><\/span><\/a><a href=\"https:\/\/tacuarembo.gub.uy\/wp-content\/uploads\/1000133761-scaled.jpg\" rel=\"noopener\" data-fslightbox=\"gallery\" data-type=\"image\" class=\"eb-gallery-img-content eb-filter-img-\"><span class=\"eb-gallery-link-wrapper\"><img decoding=\"async\" class=\"eb-gallery-img\" src=\"https:\/\/tacuarembo.gub.uy\/wp-content\/uploads\/1000133761-scaled.jpg\" image-index=\"4\" alt=\"\"\/><\/span><\/a><a href=\"https:\/\/tacuarembo.gub.uy\/wp-content\/uploads\/1000133760-scaled.jpg\" rel=\"noopener\" data-fslightbox=\"gallery\" data-type=\"image\" class=\"eb-gallery-img-content eb-filter-img-\"><span class=\"eb-gallery-link-wrapper\"><img decoding=\"async\" class=\"eb-gallery-img\" src=\"https:\/\/tacuarembo.gub.uy\/wp-content\/uploads\/1000133760-scaled.jpg\" image-index=\"5\" alt=\"\"\/><\/span><\/a><a href=\"https:\/\/tacuarembo.gub.uy\/wp-content\/uploads\/1000133757-scaled.jpg\" rel=\"noopener\" data-fslightbox=\"gallery\" data-type=\"image\" class=\"eb-gallery-img-content eb-filter-img-\"><span class=\"eb-gallery-link-wrapper\"><img decoding=\"async\" class=\"eb-gallery-img\" src=\"https:\/\/tacuarembo.gub.uy\/wp-content\/uploads\/1000133757-scaled.jpg\" image-index=\"6\" alt=\"\"\/><\/span><\/a><a href=\"https:\/\/tacuarembo.gub.uy\/wp-content\/uploads\/1000133758-scaled.jpg\" rel=\"noopener\" data-fslightbox=\"gallery\" data-type=\"image\" class=\"eb-gallery-img-content eb-filter-img-\"><span class=\"eb-gallery-link-wrapper\"><img decoding=\"async\" class=\"eb-gallery-img\" src=\"https:\/\/tacuarembo.gub.uy\/wp-content\/uploads\/1000133758-scaled.jpg\" image-index=\"7\" alt=\"\"\/><\/span><\/a><a href=\"https:\/\/tacuarembo.gub.uy\/wp-content\/uploads\/1000133759-scaled.jpg\" rel=\"noopener\" data-fslightbox=\"gallery\" data-type=\"image\" class=\"eb-gallery-img-content eb-filter-img-\"><span class=\"eb-gallery-link-wrapper\"><img decoding=\"async\" class=\"eb-gallery-img\" src=\"https:\/\/tacuarembo.gub.uy\/wp-content\/uploads\/1000133759-scaled.jpg\" image-index=\"8\" alt=\"\"\/><\/span><\/a><a href=\"https:\/\/tacuarembo.gub.uy\/wp-content\/uploads\/1000133756-scaled.jpg\" rel=\"noopener\" data-fslightbox=\"gallery\" data-type=\"image\" class=\"eb-gallery-img-content eb-filter-img-\"><span class=\"eb-gallery-link-wrapper\"><img decoding=\"async\" class=\"eb-gallery-img\" src=\"https:\/\/tacuarembo.gub.uy\/wp-content\/uploads\/1000133756-scaled.jpg\" image-index=\"9\" alt=\"\"\/><\/span><\/a><a href=\"https:\/\/tacuarembo.gub.uy\/wp-content\/uploads\/1000133755-scaled.jpg\" rel=\"noopener\" data-fslightbox=\"gallery\" data-type=\"image\" class=\"eb-gallery-img-content eb-filter-img-\"><span class=\"eb-gallery-link-wrapper\"><img decoding=\"async\" class=\"eb-gallery-img\" src=\"https:\/\/tacuarembo.gub.uy\/wp-content\/uploads\/1000133755-scaled.jpg\" image-index=\"10\" alt=\"\"\/><\/span><\/a><\/div><\/div><\/div>\n","protected":false},"excerpt":{"rendered":"<p>El acto de apertura del Primer Festival de Tango Carlos Gardel, en el escenario ubicado frente al Teatro Escayola, marc\u00f3 el inicio de un evento esperado en el departamento. La propuesta se desarrollar\u00e1 hasta el domingo 15 de diciembre<\/p>\n","protected":false},"author":3,"featured_media":28686,"comment_status":"open","ping_status":"open","sticky":false,"template":"","format":"standard","meta":{"_eb_attr":"","footnotes":""},"categories":[16],"tags":[],"class_list":{"0":"post-28680","1":"post","2":"type-post","3":"status-publish","4":"format-standard","5":"has-post-thumbnail","7":"category-noticias"},"_links":{"self":[{"href":"https:\/\/tacuarembo.gub.uy\/index.php?rest_route=\/wp\/v2\/posts\/28680","targetHints":{"allow":["GET"]}}],"collection":[{"href":"https:\/\/tacuarembo.gub.uy\/index.php?rest_route=\/wp\/v2\/posts"}],"about":[{"href":"https:\/\/tacuarembo.gub.uy\/index.php?rest_route=\/wp\/v2\/types\/post"}],"author":[{"embeddable":true,"href":"https:\/\/tacuarembo.gub.uy\/index.php?rest_route=\/wp\/v2\/users\/3"}],"replies":[{"embeddable":true,"href":"https:\/\/tacuarembo.gub.uy\/index.php?rest_route=%2Fwp%2Fv2%2Fcomments&post=28680"}],"version-history":[{"count":1,"href":"https:\/\/tacuarembo.gub.uy\/index.php?rest_route=\/wp\/v2\/posts\/28680\/revisions"}],"predecessor-version":[{"id":28692,"href":"https:\/\/tacuarembo.gub.uy\/index.php?rest_route=\/wp\/v2\/posts\/28680\/revisions\/28692"}],"wp:featuredmedia":[{"embeddable":true,"href":"https:\/\/tacuarembo.gub.uy\/index.php?rest_route=\/wp\/v2\/media\/28686"}],"wp:attachment":[{"href":"https:\/\/tacuarembo.gub.uy\/index.php?rest_route=%2Fwp%2Fv2%2Fmedia&parent=28680"}],"wp:term":[{"taxonomy":"category","embeddable":true,"href":"https:\/\/tacuarembo.gub.uy\/index.php?rest_route=%2Fwp%2Fv2%2Fcategories&post=28680"},{"taxonomy":"post_tag","embeddable":true,"href":"https:\/\/tacuarembo.gub.uy\/index.php?rest_route=%2Fwp%2Fv2%2Ftags&post=28680"}],"curies":[{"name":"wp","href":"https:\/\/api.w.org\/{rel}","templated":true}]}}