{"id":28645,"date":"2024-12-09T18:43:42","date_gmt":"2024-12-09T21:43:42","guid":{"rendered":"https:\/\/tacuarembo.gub.uy\/?p=28645"},"modified":"2024-12-09T18:43:42","modified_gmt":"2024-12-09T21:43:42","slug":"festival-internacional-de-tango-comienza-este-miercoles-11-con-la-actuacion-de-eduardo-larbanois","status":"publish","type":"post","link":"https:\/\/tacuarembo.gub.uy\/?p=28645","title":{"rendered":"Festival Internacional de Tango comienza este mi\u00e9rcoles 11 con la actuaci\u00f3n de Eduardo Larbanois"},"content":{"rendered":"\n<p>De la mano del espect\u00e1culo \u201cTacuaremb\u00f3 Tango\u201d, Eduardo Larbanois brindar\u00e1 un show \u00fanico en el marco del Festival Internacional de Tango, evento al que defini\u00f3 como \u201cuna cita \u00fanica para vivir lo mejor del g\u00e9nero protagonizado por talentosos m\u00fasicos locales e internacionales\u201d.<\/p>\n\n\n\n<p>Ser\u00e1 este mi\u00e9rcoles 11 de diciembre, a las 20 horas, en el Testro Escayola.<\/p>\n\n\n\n<p>Larbanois, uno de los mayores guitarristas del Uruguay, estar\u00e1 acompa\u00f1ado por<br>Juan Pablo Silva en bandone\u00f3n, V\u00edctor Amaral en acorde\u00f3n, las guitarras de Carl\u00edn Levratto, Marcelo Santa Marina y Bernardo Sanguinetti, junto con las voces de Yonatan Ortiz y Gast\u00f3n R\u00edos, y una pareja de baile -Victoria Ram\u00edrez y Lucio Galv\u00e1n-, que acompa\u00f1ar\u00e1n las interpretaciones musicales.<\/p>\n\n\n\n<p>\u201cEs un regalo de la vida este evento, el tango siempre estuvo presente desde mi ni\u00f1ez con Carlos Gardel en la radio\u201d, afirm\u00f3 Larbanois.<\/p>\n\n\n\n<p>A\u00f1adi\u00f3 que \u201cel tango es un resultado portuario y un s\u00edmbolo de la identidad de los pueblos inmigrantes que mezcla la identidad de todas las colonias con un lenguaje propio. Hay que estimular la cultura y este festival es parte de la difusi\u00f3n del g\u00e9nero\u201d.<\/p>\n\n\n\n<div class=\"wp-block-image-gallery-block-image-gallery-block\"><div class=\"eb-parent-wrapper eb-parent-eb-image-gallery-8ke5p \"><div class=\"eb-gallery-img-wrapper eb-image-gallery-8ke5p grid overlay-bottom caption-style-0   no-isotope \" data-id=\"eb-image-gallery-8ke5p\"><a href=\"https:\/\/tacuarembo.gub.uy\/wp-content\/uploads\/1000133409.jpg\" rel=\"noopener\" data-fslightbox=\"gallery\" data-type=\"image\" class=\"eb-gallery-img-content eb-filter-img-\"><span class=\"eb-gallery-link-wrapper\"><img decoding=\"async\" class=\"eb-gallery-img\" src=\"https:\/\/tacuarembo.gub.uy\/wp-content\/uploads\/1000133409.jpg\" image-index=\"0\" alt=\"\"\/><\/span><\/a><a href=\"https:\/\/tacuarembo.gub.uy\/wp-content\/uploads\/1000133408.jpg\" rel=\"noopener\" data-fslightbox=\"gallery\" data-type=\"image\" class=\"eb-gallery-img-content eb-filter-img-\"><span class=\"eb-gallery-link-wrapper\"><img decoding=\"async\" class=\"eb-gallery-img\" src=\"https:\/\/tacuarembo.gub.uy\/wp-content\/uploads\/1000133408.jpg\" image-index=\"1\" alt=\"\"\/><\/span><\/a><a href=\"https:\/\/tacuarembo.gub.uy\/wp-content\/uploads\/1000133407.jpg\" rel=\"noopener\" data-fslightbox=\"gallery\" data-type=\"image\" class=\"eb-gallery-img-content eb-filter-img-\"><span class=\"eb-gallery-link-wrapper\"><img decoding=\"async\" class=\"eb-gallery-img\" src=\"https:\/\/tacuarembo.gub.uy\/wp-content\/uploads\/1000133407.jpg\" image-index=\"2\" alt=\"\"\/><\/span><\/a><a href=\"https:\/\/tacuarembo.gub.uy\/wp-content\/uploads\/1000133406.jpg\" rel=\"noopener\" data-fslightbox=\"gallery\" data-type=\"image\" class=\"eb-gallery-img-content eb-filter-img-\"><span class=\"eb-gallery-link-wrapper\"><img decoding=\"async\" class=\"eb-gallery-img\" src=\"https:\/\/tacuarembo.gub.uy\/wp-content\/uploads\/1000133406.jpg\" image-index=\"3\" alt=\"\"\/><\/span><\/a><a href=\"https:\/\/tacuarembo.gub.uy\/wp-content\/uploads\/1000133405.jpg\" rel=\"noopener\" data-fslightbox=\"gallery\" data-type=\"image\" class=\"eb-gallery-img-content eb-filter-img-\"><span class=\"eb-gallery-link-wrapper\"><img decoding=\"async\" class=\"eb-gallery-img\" src=\"https:\/\/tacuarembo.gub.uy\/wp-content\/uploads\/1000133405.jpg\" image-index=\"4\" alt=\"\"\/><\/span><\/a><\/div><\/div><\/div>\n","protected":false},"excerpt":{"rendered":"<p>De la mano del espect\u00e1culo \u201cTacuaremb\u00f3 Tango\u201d, Eduardo Larbanois brindar\u00e1 un show \u00fanico en el marco del Festival Internacional de Tango, evento al que defini\u00f3 como \u201cuna cita \u00fanica para vivir lo mejor del g\u00e9nero protagonizado por talentosos m\u00fasicos locales e internacionales\u201d.<\/p>\n","protected":false},"author":3,"featured_media":28649,"comment_status":"open","ping_status":"open","sticky":false,"template":"","format":"standard","meta":{"_eb_attr":"","footnotes":""},"categories":[16],"tags":[],"class_list":{"0":"post-28645","1":"post","2":"type-post","3":"status-publish","4":"format-standard","5":"has-post-thumbnail","7":"category-noticias"},"_links":{"self":[{"href":"https:\/\/tacuarembo.gub.uy\/index.php?rest_route=\/wp\/v2\/posts\/28645","targetHints":{"allow":["GET"]}}],"collection":[{"href":"https:\/\/tacuarembo.gub.uy\/index.php?rest_route=\/wp\/v2\/posts"}],"about":[{"href":"https:\/\/tacuarembo.gub.uy\/index.php?rest_route=\/wp\/v2\/types\/post"}],"author":[{"embeddable":true,"href":"https:\/\/tacuarembo.gub.uy\/index.php?rest_route=\/wp\/v2\/users\/3"}],"replies":[{"embeddable":true,"href":"https:\/\/tacuarembo.gub.uy\/index.php?rest_route=%2Fwp%2Fv2%2Fcomments&post=28645"}],"version-history":[{"count":1,"href":"https:\/\/tacuarembo.gub.uy\/index.php?rest_route=\/wp\/v2\/posts\/28645\/revisions"}],"predecessor-version":[{"id":28651,"href":"https:\/\/tacuarembo.gub.uy\/index.php?rest_route=\/wp\/v2\/posts\/28645\/revisions\/28651"}],"wp:featuredmedia":[{"embeddable":true,"href":"https:\/\/tacuarembo.gub.uy\/index.php?rest_route=\/wp\/v2\/media\/28649"}],"wp:attachment":[{"href":"https:\/\/tacuarembo.gub.uy\/index.php?rest_route=%2Fwp%2Fv2%2Fmedia&parent=28645"}],"wp:term":[{"taxonomy":"category","embeddable":true,"href":"https:\/\/tacuarembo.gub.uy\/index.php?rest_route=%2Fwp%2Fv2%2Fcategories&post=28645"},{"taxonomy":"post_tag","embeddable":true,"href":"https:\/\/tacuarembo.gub.uy\/index.php?rest_route=%2Fwp%2Fv2%2Ftags&post=28645"}],"curies":[{"name":"wp","href":"https:\/\/api.w.org\/{rel}","templated":true}]}}