{"id":2863,"date":"2019-05-01T03:23:55","date_gmt":"2019-05-01T03:23:55","guid":{"rendered":"https:\/\/tacuarembo.gub.uy\/?p=2863"},"modified":"2019-05-03T14:01:20","modified_gmt":"2019-05-03T14:01:20","slug":"1o-de-mayo-dia-de-los-trabajadores","status":"publish","type":"post","link":"https:\/\/tacuarembo.gub.uy\/?p=2863","title":{"rendered":"1\u00ba de Mayo, D\u00eda de los Trabajadores"},"content":{"rendered":"\n<p>El 1\u00ba de Mayo en el cual se conmemora el D\u00eda Internacional de los Trabajadores, la Intendencia de Tacuaremb\u00f3 pone en conocimiento de la poblaci\u00f3n, que por conmemorarse la fecha no habr\u00e1 servicios de:  transporte urbano ni recolecci\u00f3n de residuos, en cuanto al \u00faltimo se solicita la colaboraci\u00f3n de los vecinos no sacando los mismos a la v\u00eda p\u00fablica.&nbsp; Por otro lado adem\u00e1s se destaca que la Reserva \u201cDr. Mauricio L\u00f3pez Lomba\u201d permanecer\u00e1 cerrada al p\u00fablico.&nbsp; Todos los servicios antes mencionados, cumplida la jornada del 1\u00ba de Mayo, volver\u00e1n a su habitual desarrollo <\/p>\n\n\n\n<iframe loading=\"lazy\" src=\"https:\/\/www.youtube.com\/embed\/5vZbctNUIq4\" allow=\"accelerometer; autoplay; encrypted-media; gyroscope; picture-in-picture\" allowfullscreen=\"\" width=\"560\" height=\"315\" frameborder=\"0\"><\/iframe>\n","protected":false},"excerpt":{"rendered":"<p>El 1\u00ba de Mayo en el cual se conmemora el D\u00eda Internacional de los Trabajadores, la Intendencia de Tacuaremb\u00f3 pone en conocimiento de la poblaci\u00f3n, que por conmemorarse la fecha no habr\u00e1 servicios de&#8230;<\/p>\n","protected":false},"author":3,"featured_media":2864,"comment_status":"open","ping_status":"open","sticky":false,"template":"","format":"standard","meta":{"_eb_attr":"","footnotes":""},"categories":[16],"tags":[],"class_list":{"0":"post-2863","1":"post","2":"type-post","3":"status-publish","4":"format-standard","5":"has-post-thumbnail","7":"category-noticias"},"_links":{"self":[{"href":"https:\/\/tacuarembo.gub.uy\/index.php?rest_route=\/wp\/v2\/posts\/2863","targetHints":{"allow":["GET"]}}],"collection":[{"href":"https:\/\/tacuarembo.gub.uy\/index.php?rest_route=\/wp\/v2\/posts"}],"about":[{"href":"https:\/\/tacuarembo.gub.uy\/index.php?rest_route=\/wp\/v2\/types\/post"}],"author":[{"embeddable":true,"href":"https:\/\/tacuarembo.gub.uy\/index.php?rest_route=\/wp\/v2\/users\/3"}],"replies":[{"embeddable":true,"href":"https:\/\/tacuarembo.gub.uy\/index.php?rest_route=%2Fwp%2Fv2%2Fcomments&post=2863"}],"version-history":[{"count":2,"href":"https:\/\/tacuarembo.gub.uy\/index.php?rest_route=\/wp\/v2\/posts\/2863\/revisions"}],"predecessor-version":[{"id":2887,"href":"https:\/\/tacuarembo.gub.uy\/index.php?rest_route=\/wp\/v2\/posts\/2863\/revisions\/2887"}],"wp:featuredmedia":[{"embeddable":true,"href":"https:\/\/tacuarembo.gub.uy\/index.php?rest_route=\/wp\/v2\/media\/2864"}],"wp:attachment":[{"href":"https:\/\/tacuarembo.gub.uy\/index.php?rest_route=%2Fwp%2Fv2%2Fmedia&parent=2863"}],"wp:term":[{"taxonomy":"category","embeddable":true,"href":"https:\/\/tacuarembo.gub.uy\/index.php?rest_route=%2Fwp%2Fv2%2Fcategories&post=2863"},{"taxonomy":"post_tag","embeddable":true,"href":"https:\/\/tacuarembo.gub.uy\/index.php?rest_route=%2Fwp%2Fv2%2Ftags&post=2863"}],"curies":[{"name":"wp","href":"https:\/\/api.w.org\/{rel}","templated":true}]}}