{"id":28592,"date":"2024-12-06T19:13:27","date_gmt":"2024-12-06T22:13:27","guid":{"rendered":"https:\/\/tacuarembo.gub.uy\/?p=28592"},"modified":"2024-12-06T19:13:27","modified_gmt":"2024-12-06T22:13:27","slug":"escuela-no-39-de-rincon-de-la-aldea-celebro-sus-75-anos-junto-a-la-comunidad","status":"publish","type":"post","link":"https:\/\/tacuarembo.gub.uy\/?p=28592","title":{"rendered":"Escuela N\u00ba 39 de Rinc\u00f3n de la Aldea celebr\u00f3 sus 75 a\u00f1os junto a la comunidad"},"content":{"rendered":"\n<p>La Escuela N\u00ba 39 de Rinc\u00f3n de la Aldea conmemor\u00f3 su 75\u00ba aniversario en un emotivo acto que reuni\u00f3 a la comunidad local y autoridades departamentales. La ceremonia cont\u00f3 con la presencia del Intendente de Tacuaremb\u00f3, Wilson Ezquerra, y de la inspectora departamental de Educaci\u00f3n Inicial y Primaria, Gabriela Mateauda.<\/p>\n\n\n\n<p>Durante el evento, se entregaron placas alusivas a la fecha, y el Intendente destac\u00f3 la importancia de la instituci\u00f3n educativa en el \u00e1mbito rural. En sus palabras, resalt\u00f3 el compromiso de los maestros y alumnos de las escuelas rurales, as\u00ed como el valioso apoyo de la comunidad en el desarrollo de la educaci\u00f3n.<\/p>\n\n\n\n<p>La Escuela N\u00ba 39, con 75 a\u00f1os de historia, contin\u00faa fortaleciendo los lazos entre los habitantes de la zona y apostando al futuro de las nuevas generaciones.<\/p>\n\n\n\n<div class=\"wp-block-image-gallery-block-image-gallery-block\"><div class=\"eb-parent-wrapper eb-parent-eb-image-gallery-1omu6 \"><div class=\"eb-gallery-img-wrapper eb-image-gallery-1omu6 grid overlay-bottom caption-style-0   no-isotope \" data-id=\"eb-image-gallery-1omu6\"><a href=\"https:\/\/tacuarembo.gub.uy\/wp-content\/uploads\/1000132902.jpg\" rel=\"noopener\" data-fslightbox=\"gallery\" data-type=\"image\" class=\"eb-gallery-img-content eb-filter-img-\"><span class=\"eb-gallery-link-wrapper\"><img decoding=\"async\" class=\"eb-gallery-img\" src=\"https:\/\/tacuarembo.gub.uy\/wp-content\/uploads\/1000132902.jpg\" image-index=\"0\" alt=\"\"\/><\/span><\/a><a href=\"https:\/\/tacuarembo.gub.uy\/wp-content\/uploads\/1000132899.jpg\" rel=\"noopener\" data-fslightbox=\"gallery\" data-type=\"image\" class=\"eb-gallery-img-content eb-filter-img-\"><span class=\"eb-gallery-link-wrapper\"><img decoding=\"async\" class=\"eb-gallery-img\" src=\"https:\/\/tacuarembo.gub.uy\/wp-content\/uploads\/1000132899.jpg\" image-index=\"1\" alt=\"\"\/><\/span><\/a><a href=\"https:\/\/tacuarembo.gub.uy\/wp-content\/uploads\/1000132898.jpg\" rel=\"noopener\" data-fslightbox=\"gallery\" data-type=\"image\" class=\"eb-gallery-img-content eb-filter-img-\"><span class=\"eb-gallery-link-wrapper\"><img decoding=\"async\" class=\"eb-gallery-img\" src=\"https:\/\/tacuarembo.gub.uy\/wp-content\/uploads\/1000132898.jpg\" image-index=\"2\" alt=\"\"\/><\/span><\/a><a href=\"https:\/\/tacuarembo.gub.uy\/wp-content\/uploads\/1000132897.jpg\" rel=\"noopener\" data-fslightbox=\"gallery\" data-type=\"image\" class=\"eb-gallery-img-content eb-filter-img-\"><span class=\"eb-gallery-link-wrapper\"><img decoding=\"async\" class=\"eb-gallery-img\" src=\"https:\/\/tacuarembo.gub.uy\/wp-content\/uploads\/1000132897.jpg\" image-index=\"3\" alt=\"\"\/><\/span><\/a><a href=\"https:\/\/tacuarembo.gub.uy\/wp-content\/uploads\/1000132901.jpg\" rel=\"noopener\" data-fslightbox=\"gallery\" data-type=\"image\" class=\"eb-gallery-img-content eb-filter-img-\"><span class=\"eb-gallery-link-wrapper\"><img decoding=\"async\" class=\"eb-gallery-img\" src=\"https:\/\/tacuarembo.gub.uy\/wp-content\/uploads\/1000132901.jpg\" image-index=\"4\" alt=\"\"\/><\/span><\/a><a href=\"https:\/\/tacuarembo.gub.uy\/wp-content\/uploads\/1000132900.jpg\" rel=\"noopener\" data-fslightbox=\"gallery\" data-type=\"image\" class=\"eb-gallery-img-content eb-filter-img-\"><span class=\"eb-gallery-link-wrapper\"><img decoding=\"async\" class=\"eb-gallery-img\" src=\"https:\/\/tacuarembo.gub.uy\/wp-content\/uploads\/1000132900.jpg\" image-index=\"5\" alt=\"\"\/><\/span><\/a><\/div><\/div><\/div>\n","protected":false},"excerpt":{"rendered":"<p>La Escuela N\u00ba 39 de Rinc\u00f3n de la Aldea conmemor\u00f3 su 75\u00ba aniversario en un emotivo acto que reuni\u00f3 a la comunidad local y autoridades departamentales. La ceremonia cont\u00f3 con la presencia del Intendente de Tacuaremb\u00f3, Wilson Ezquerra, y de la inspectora departamental de Educaci\u00f3n Inicial y Primaria, Gabriela Mateauda<\/p>\n","protected":false},"author":3,"featured_media":28597,"comment_status":"open","ping_status":"open","sticky":false,"template":"","format":"standard","meta":{"_eb_attr":"","footnotes":""},"categories":[16],"tags":[],"class_list":{"0":"post-28592","1":"post","2":"type-post","3":"status-publish","4":"format-standard","5":"has-post-thumbnail","7":"category-noticias"},"_links":{"self":[{"href":"https:\/\/tacuarembo.gub.uy\/index.php?rest_route=\/wp\/v2\/posts\/28592","targetHints":{"allow":["GET"]}}],"collection":[{"href":"https:\/\/tacuarembo.gub.uy\/index.php?rest_route=\/wp\/v2\/posts"}],"about":[{"href":"https:\/\/tacuarembo.gub.uy\/index.php?rest_route=\/wp\/v2\/types\/post"}],"author":[{"embeddable":true,"href":"https:\/\/tacuarembo.gub.uy\/index.php?rest_route=\/wp\/v2\/users\/3"}],"replies":[{"embeddable":true,"href":"https:\/\/tacuarembo.gub.uy\/index.php?rest_route=%2Fwp%2Fv2%2Fcomments&post=28592"}],"version-history":[{"count":1,"href":"https:\/\/tacuarembo.gub.uy\/index.php?rest_route=\/wp\/v2\/posts\/28592\/revisions"}],"predecessor-version":[{"id":28599,"href":"https:\/\/tacuarembo.gub.uy\/index.php?rest_route=\/wp\/v2\/posts\/28592\/revisions\/28599"}],"wp:featuredmedia":[{"embeddable":true,"href":"https:\/\/tacuarembo.gub.uy\/index.php?rest_route=\/wp\/v2\/media\/28597"}],"wp:attachment":[{"href":"https:\/\/tacuarembo.gub.uy\/index.php?rest_route=%2Fwp%2Fv2%2Fmedia&parent=28592"}],"wp:term":[{"taxonomy":"category","embeddable":true,"href":"https:\/\/tacuarembo.gub.uy\/index.php?rest_route=%2Fwp%2Fv2%2Fcategories&post=28592"},{"taxonomy":"post_tag","embeddable":true,"href":"https:\/\/tacuarembo.gub.uy\/index.php?rest_route=%2Fwp%2Fv2%2Ftags&post=28592"}],"curies":[{"name":"wp","href":"https:\/\/api.w.org\/{rel}","templated":true}]}}