{"id":28565,"date":"2024-12-05T08:42:59","date_gmt":"2024-12-05T11:42:59","guid":{"rendered":"https:\/\/tacuarembo.gub.uy\/?p=28565"},"modified":"2024-12-05T08:42:59","modified_gmt":"2024-12-05T11:42:59","slug":"talleres-gratuitos-de-rap-y-maquillaje-murguero-para-jovenes-en-tacuarembo","status":"publish","type":"post","link":"https:\/\/tacuarembo.gub.uy\/?p=28565","title":{"rendered":"Talleres gratuitos de rap y maquillaje murguero para j\u00f3venes en Tacuaremb\u00f3"},"content":{"rendered":"\n<p>La Intendencia de Tacuaremb\u00f3, en coordinaci\u00f3n con el Instituto Nacional de la Juventud (INJU) y el Ministerio de Desarrollo Social (MIDES), present\u00f3 dos talleres culturales gratuitos dirigidos a j\u00f3venes de 14 a 29 a\u00f1os, con el objetivo de fomentar la expresi\u00f3n art\u00edstica y fortalecer las pol\u00edticas de juventud en el \u00e1mbito cultural.<\/p>\n\n\n\n<p>El director de Juventud de la IDT, Camilo Guti\u00e9rrez, destac\u00f3 la importancia del trabajo conjunto entre los gobiernos departamental y nacional para ofrecer actividades que promuevan la formaci\u00f3n cultural de los j\u00f3venes, as\u00ed como el apoyo de la Direcci\u00f3n de Cultura: \u00abSeguimos trabajando en pol\u00edticas de juventud que abarcan diversos \u00e1mbitos y, en esta ocasi\u00f3n, estamos enfoc\u00e1ndonos en lo cultural\u00bb, expres\u00f3.<\/p>\n\n\n\n<p>Se trata de un taller sobre maquillaje murguero que comienza este mi\u00e9rcoles 4 de diciembre en la Casa de la Cultura de Tacuaremb\u00f3. Se encuentra a cargo de Rodrigo Alvez y se realizar\u00e1 de 19 a 20.30 horas, explorando diferentes t\u00e9cnicas art\u00edsticas.<\/p>\n\n\n\n<p>Adem\u00e1s, se impartir\u00e1 un taller de freestyle y rap, a cargo de Maicol Ferreira, conocido como \u00abZodis\u00bb, el cual tendr\u00e1 lugar de 19.30 a 21 horas. Este taller, que comenzar\u00e1 el jueves 5, guiar\u00e1 a los participantes en la creaci\u00f3n de rimas, conceptos b\u00e1sicos para componer canciones, y t\u00e9cnicas para quienes deseen iniciarse en competencias de rap.<\/p>\n\n\n\n<p>Ferreira subray\u00f3 que el taller de rap se centrar\u00e1 en fomentar la libertad de expresi\u00f3n, siguiendo los principios de la cultura hip hop, e incluir\u00e1 aspectos pr\u00e1cticos para componer y competir.<\/p>\n\n\n\n<p>Tania Mart\u00ednez, representante del INJU, indic\u00f3 que ambos tendr\u00e1n una duraci\u00f3n aproximada de ocho sesiones y las inscripciones se pueden efectuar al momento de asistir. Tambi\u00e9n se\u00f1al\u00f3 que son una oportunidad para difundir actividades art\u00edstico culturales como herramientas de desarrollo juvenil.<\/p>\n\n\n\n<figure class=\"wp-block-image size-large\"><img loading=\"lazy\" decoding=\"async\" width=\"800\" height=\"420\" src=\"https:\/\/tacuarembo.gub.uy\/wp-content\/uploads\/WhatsApp-Image-2024-12-04-at-22.42.06-800x420.jpeg\" alt=\"\" class=\"wp-image-28566\"\/><\/figure>\n","protected":false},"excerpt":{"rendered":"<p>La Intendencia de Tacuaremb\u00f3, en coordinaci\u00f3n con el Instituto Nacional de la Juventud (INJU) y el Ministerio de Desarrollo Social (MIDES), present\u00f3 dos talleres culturales gratuitos dirigidos a j\u00f3venes de 14 a 29 a\u00f1os, con el objetivo de fomentar la expresi\u00f3n art\u00edstica y fortalecer las pol\u00edticas de juventud en el \u00e1mbito cultural<\/p>\n","protected":false},"author":3,"featured_media":28566,"comment_status":"open","ping_status":"open","sticky":false,"template":"","format":"standard","meta":{"_eb_attr":"","footnotes":""},"categories":[16],"tags":[],"class_list":{"0":"post-28565","1":"post","2":"type-post","3":"status-publish","4":"format-standard","5":"has-post-thumbnail","7":"category-noticias"},"_links":{"self":[{"href":"https:\/\/tacuarembo.gub.uy\/index.php?rest_route=\/wp\/v2\/posts\/28565","targetHints":{"allow":["GET"]}}],"collection":[{"href":"https:\/\/tacuarembo.gub.uy\/index.php?rest_route=\/wp\/v2\/posts"}],"about":[{"href":"https:\/\/tacuarembo.gub.uy\/index.php?rest_route=\/wp\/v2\/types\/post"}],"author":[{"embeddable":true,"href":"https:\/\/tacuarembo.gub.uy\/index.php?rest_route=\/wp\/v2\/users\/3"}],"replies":[{"embeddable":true,"href":"https:\/\/tacuarembo.gub.uy\/index.php?rest_route=%2Fwp%2Fv2%2Fcomments&post=28565"}],"version-history":[{"count":1,"href":"https:\/\/tacuarembo.gub.uy\/index.php?rest_route=\/wp\/v2\/posts\/28565\/revisions"}],"predecessor-version":[{"id":28567,"href":"https:\/\/tacuarembo.gub.uy\/index.php?rest_route=\/wp\/v2\/posts\/28565\/revisions\/28567"}],"wp:featuredmedia":[{"embeddable":true,"href":"https:\/\/tacuarembo.gub.uy\/index.php?rest_route=\/wp\/v2\/media\/28566"}],"wp:attachment":[{"href":"https:\/\/tacuarembo.gub.uy\/index.php?rest_route=%2Fwp%2Fv2%2Fmedia&parent=28565"}],"wp:term":[{"taxonomy":"category","embeddable":true,"href":"https:\/\/tacuarembo.gub.uy\/index.php?rest_route=%2Fwp%2Fv2%2Fcategories&post=28565"},{"taxonomy":"post_tag","embeddable":true,"href":"https:\/\/tacuarembo.gub.uy\/index.php?rest_route=%2Fwp%2Fv2%2Ftags&post=28565"}],"curies":[{"name":"wp","href":"https:\/\/api.w.org\/{rel}","templated":true}]}}