{"id":28537,"date":"2024-12-03T09:20:00","date_gmt":"2024-12-03T12:20:00","guid":{"rendered":"https:\/\/tacuarembo.gub.uy\/?p=28537"},"modified":"2024-12-03T09:23:48","modified_gmt":"2024-12-03T12:23:48","slug":"estan-abiertas-las-inscripciones-para-la-navidad-entre-todos","status":"publish","type":"post","link":"https:\/\/tacuarembo.gub.uy\/?p=28537","title":{"rendered":"Est\u00e1n abiertas las inscripciones para la \u00abNavidad entre Todos\u00bb"},"content":{"rendered":"\n<p>La Intendencia de Tacuaremb\u00f3 anunci\u00f3 la realizaci\u00f3n de una nueva edici\u00f3n de la tradicional cena solidaria \u00abNavidad entre Todos\u00bb, que se llevar\u00e1 a cabo el pr\u00f3ximo 24 de diciembre, a las 21 horas, en el Club Democr\u00e1tico.<\/p>\n\n\n\n<p>Esta iniciativa tiene como objetivo brindar un espacio de encuentro y calidez para aquellas personas que no cuenten con recursos para compartir una cena en esta fecha tan especial o no deseen pasar solas.<\/p>\n\n\n\n<p>Quienes deseen participar pueden anotarse en los Centros de Barrios, la porter\u00eda de la Intendencia o en la Direcci\u00f3n General de Desarrollo Social. La inscripci\u00f3n es gratuita y estar\u00e1 disponible hasta el 20 de diciembre.<\/p>\n\n\n\n<figure class=\"wp-block-image size-full\"><img loading=\"lazy\" decoding=\"async\" width=\"800\" height=\"420\" src=\"https:\/\/tacuarembo.gub.uy\/wp-content\/uploads\/WhatsApp-Image-2024-12-03-at-09.21.18.jpeg\" alt=\"\" class=\"wp-image-28538\" srcset=\"https:\/\/tacuarembo.gub.uy\/wp-content\/uploads\/WhatsApp-Image-2024-12-03-at-09.21.18.jpeg 800w, https:\/\/tacuarembo.gub.uy\/wp-content\/uploads\/WhatsApp-Image-2024-12-03-at-09.21.18-768x403.jpeg 768w\" sizes=\"auto, (max-width: 800px) 100vw, 800px\" \/><\/figure>\n\n\n\n<p>Esta acci\u00f3n solidaria busca fortalecer los lazos comunitarios bajo el lema: \u201cEn esta sociedad solidaria, todos somos familia\u201d.<\/p>\n","protected":false},"excerpt":{"rendered":"<p>La Intendencia de Tacuaremb\u00f3 anunci\u00f3 la realizaci\u00f3n de una nueva edici\u00f3n de la tradicional cena solidaria \u00abNavidad entre Todos\u00bb, que se llevar\u00e1 a cabo el pr\u00f3ximo 24 de diciembre, a las 21 horas, en el Club Democr\u00e1tico<\/p>\n","protected":false},"author":3,"featured_media":28538,"comment_status":"open","ping_status":"open","sticky":false,"template":"","format":"standard","meta":{"_eb_attr":"","footnotes":""},"categories":[16],"tags":[],"class_list":{"0":"post-28537","1":"post","2":"type-post","3":"status-publish","4":"format-standard","5":"has-post-thumbnail","7":"category-noticias"},"_links":{"self":[{"href":"https:\/\/tacuarembo.gub.uy\/index.php?rest_route=\/wp\/v2\/posts\/28537","targetHints":{"allow":["GET"]}}],"collection":[{"href":"https:\/\/tacuarembo.gub.uy\/index.php?rest_route=\/wp\/v2\/posts"}],"about":[{"href":"https:\/\/tacuarembo.gub.uy\/index.php?rest_route=\/wp\/v2\/types\/post"}],"author":[{"embeddable":true,"href":"https:\/\/tacuarembo.gub.uy\/index.php?rest_route=\/wp\/v2\/users\/3"}],"replies":[{"embeddable":true,"href":"https:\/\/tacuarembo.gub.uy\/index.php?rest_route=%2Fwp%2Fv2%2Fcomments&post=28537"}],"version-history":[{"count":1,"href":"https:\/\/tacuarembo.gub.uy\/index.php?rest_route=\/wp\/v2\/posts\/28537\/revisions"}],"predecessor-version":[{"id":28539,"href":"https:\/\/tacuarembo.gub.uy\/index.php?rest_route=\/wp\/v2\/posts\/28537\/revisions\/28539"}],"wp:featuredmedia":[{"embeddable":true,"href":"https:\/\/tacuarembo.gub.uy\/index.php?rest_route=\/wp\/v2\/media\/28538"}],"wp:attachment":[{"href":"https:\/\/tacuarembo.gub.uy\/index.php?rest_route=%2Fwp%2Fv2%2Fmedia&parent=28537"}],"wp:term":[{"taxonomy":"category","embeddable":true,"href":"https:\/\/tacuarembo.gub.uy\/index.php?rest_route=%2Fwp%2Fv2%2Fcategories&post=28537"},{"taxonomy":"post_tag","embeddable":true,"href":"https:\/\/tacuarembo.gub.uy\/index.php?rest_route=%2Fwp%2Fv2%2Ftags&post=28537"}],"curies":[{"name":"wp","href":"https:\/\/api.w.org\/{rel}","templated":true}]}}