{"id":28534,"date":"2024-12-03T09:18:00","date_gmt":"2024-12-03T12:18:00","guid":{"rendered":"https:\/\/tacuarembo.gub.uy\/?p=28534"},"modified":"2024-12-27T16:43:30","modified_gmt":"2024-12-27T19:43:30","slug":"intendencia-cambiara-su-horario-de-atencion-al-publico-a-partir-del-9-de-diciembre","status":"publish","type":"post","link":"https:\/\/tacuarembo.gub.uy\/?p=28534","title":{"rendered":"Intendencia cambiar\u00e1 su horario de atenci\u00f3n al p\u00fablico a partir del 9 de diciembre"},"content":{"rendered":"\n<p>La Intendencia de Tacuaremb\u00f3, a trav\u00e9s de una resoluci\u00f3n del Ejecutivo Departamental, informa sobre el cambio de horario de los funcionarios, con el fin de adecuarlo a la \u00e9poca del a\u00f1o.<\/p>\n\n\n\n<p>A partir del 9 de diciembre de 2024 y hasta el 10 de marzo de 2025, se establecieron los siguientes horarios:<\/p>\n\n\n\n<p>Funcionarios administrativos: de 07.30 a 13.30 horas.<\/p>\n\n\n\n<p>Funcionarios de servicio: se dividir\u00e1n en turnos matutinos y vespertinos, definidos seg\u00fan las necesidades propias de la \u00e9poca.<\/p>\n\n\n\n<p>Atenci\u00f3n al p\u00fablico: comenzar\u00e1 con el inicio de la jornada laboral y finalizar\u00e1 30 minutos antes del cierre del horario establecido.<\/p>\n\n\n\n<figure class=\"wp-block-image size-large\"><img loading=\"lazy\" decoding=\"async\" width=\"800\" height=\"420\" src=\"https:\/\/tacuarembo.gub.uy\/wp-content\/uploads\/WhatsApp-Image-2024-12-03-at-09.07.53-800x420.jpeg\" alt=\"\" class=\"wp-image-28535\" \/><\/figure>\n\n\n\n<p>Esta medida busca optimizar la operativa de la Intendencia de Tacuaremb\u00f3 y brindar una mejor atenci\u00f3n al p\u00fablico durante el verano, teniendo en cuenta las caracter\u00edsticas y demandas espec\u00edficas de esta \u00e9poca del a\u00f1o<\/p>\n\n\n\n\n\n\n\n\n\n\n\n\n\n\n","protected":false},"excerpt":{"rendered":"<p>La Intendencia de Tacuaremb\u00f3, a trav\u00e9s de una resoluci\u00f3n del Ejecutivo Departamental, informa sobre el cambio de horario de los funcionarios, con el fin de adecuarlo a la \u00e9poca del a\u00f1o<\/p>\n","protected":false},"author":3,"featured_media":28535,"comment_status":"open","ping_status":"open","sticky":false,"template":"","format":"standard","meta":{"_eb_attr":"","footnotes":""},"categories":[16],"tags":[],"class_list":{"0":"post-28534","1":"post","2":"type-post","3":"status-publish","4":"format-standard","5":"has-post-thumbnail","7":"category-noticias"},"_links":{"self":[{"href":"https:\/\/tacuarembo.gub.uy\/index.php?rest_route=\/wp\/v2\/posts\/28534","targetHints":{"allow":["GET"]}}],"collection":[{"href":"https:\/\/tacuarembo.gub.uy\/index.php?rest_route=\/wp\/v2\/posts"}],"about":[{"href":"https:\/\/tacuarembo.gub.uy\/index.php?rest_route=\/wp\/v2\/types\/post"}],"author":[{"embeddable":true,"href":"https:\/\/tacuarembo.gub.uy\/index.php?rest_route=\/wp\/v2\/users\/3"}],"replies":[{"embeddable":true,"href":"https:\/\/tacuarembo.gub.uy\/index.php?rest_route=%2Fwp%2Fv2%2Fcomments&post=28534"}],"version-history":[{"count":8,"href":"https:\/\/tacuarembo.gub.uy\/index.php?rest_route=\/wp\/v2\/posts\/28534\/revisions"}],"predecessor-version":[{"id":29078,"href":"https:\/\/tacuarembo.gub.uy\/index.php?rest_route=\/wp\/v2\/posts\/28534\/revisions\/29078"}],"wp:featuredmedia":[{"embeddable":true,"href":"https:\/\/tacuarembo.gub.uy\/index.php?rest_route=\/wp\/v2\/media\/28535"}],"wp:attachment":[{"href":"https:\/\/tacuarembo.gub.uy\/index.php?rest_route=%2Fwp%2Fv2%2Fmedia&parent=28534"}],"wp:term":[{"taxonomy":"category","embeddable":true,"href":"https:\/\/tacuarembo.gub.uy\/index.php?rest_route=%2Fwp%2Fv2%2Fcategories&post=28534"},{"taxonomy":"post_tag","embeddable":true,"href":"https:\/\/tacuarembo.gub.uy\/index.php?rest_route=%2Fwp%2Fv2%2Ftags&post=28534"}],"curies":[{"name":"wp","href":"https:\/\/api.w.org\/{rel}","templated":true}]}}