{"id":28531,"date":"2024-12-02T18:42:02","date_gmt":"2024-12-02T21:42:02","guid":{"rendered":"https:\/\/tacuarembo.gub.uy\/?p=28531"},"modified":"2024-12-02T18:42:02","modified_gmt":"2024-12-02T21:42:02","slug":"cambio-de-horario","status":"publish","type":"post","link":"https:\/\/tacuarembo.gub.uy\/?p=28531","title":{"rendered":"Cambio de horario"},"content":{"rendered":"\n<p>La Intendencia de Tacuaremb\u00f3, por Resoluci\u00f3n del Ejecutivo, considerando conveniente el cambio de horario de trabajo para adecuarlo a la \u00e9poca del a\u00f1o; el Intendente de Tacuaremb\u00f3, Resuelve: 1\u00b0) F\u00edjase a partir del 9 de diciembre de 2024 y hasta el 10 de marzo de 2025 inclusive, el siguiente horario para los funcionarios departamentales:\ta) Para los funcionarios administrativos de 07:30 a 13:30 horas\tb) Para los funcionarios de servicio de modo general se establece un horario matutino y un horario vespertino a fijarse conforme a la \u00e9poca del a\u00f1o.\tc) La atenci\u00f3n al p\u00fablico se cumplir\u00e1 inmediatamente de iniciada la labor y finalizar\u00e1 30 minutos antes de la hora precedentemente para el cierre.<\/p>\n","protected":false},"excerpt":{"rendered":"<p>La Intendencia de Tacuaremb\u00f3, por Resoluci\u00f3n del Ejecutivo, considerando conveniente el cambio de horario de trabajo para adecuarlo a la \u00e9poca del a\u00f1o; el Intendente de Tacuaremb\u00f3, Resuelve<\/p>\n","protected":false},"author":3,"featured_media":28532,"comment_status":"open","ping_status":"open","sticky":false,"template":"","format":"standard","meta":{"_eb_attr":"","footnotes":""},"categories":[38],"tags":[],"class_list":{"0":"post-28531","1":"post","2":"type-post","3":"status-publish","4":"format-standard","5":"has-post-thumbnail","7":"category-comunicados-de-prensa"},"_links":{"self":[{"href":"https:\/\/tacuarembo.gub.uy\/index.php?rest_route=\/wp\/v2\/posts\/28531","targetHints":{"allow":["GET"]}}],"collection":[{"href":"https:\/\/tacuarembo.gub.uy\/index.php?rest_route=\/wp\/v2\/posts"}],"about":[{"href":"https:\/\/tacuarembo.gub.uy\/index.php?rest_route=\/wp\/v2\/types\/post"}],"author":[{"embeddable":true,"href":"https:\/\/tacuarembo.gub.uy\/index.php?rest_route=\/wp\/v2\/users\/3"}],"replies":[{"embeddable":true,"href":"https:\/\/tacuarembo.gub.uy\/index.php?rest_route=%2Fwp%2Fv2%2Fcomments&post=28531"}],"version-history":[{"count":1,"href":"https:\/\/tacuarembo.gub.uy\/index.php?rest_route=\/wp\/v2\/posts\/28531\/revisions"}],"predecessor-version":[{"id":28533,"href":"https:\/\/tacuarembo.gub.uy\/index.php?rest_route=\/wp\/v2\/posts\/28531\/revisions\/28533"}],"wp:featuredmedia":[{"embeddable":true,"href":"https:\/\/tacuarembo.gub.uy\/index.php?rest_route=\/wp\/v2\/media\/28532"}],"wp:attachment":[{"href":"https:\/\/tacuarembo.gub.uy\/index.php?rest_route=%2Fwp%2Fv2%2Fmedia&parent=28531"}],"wp:term":[{"taxonomy":"category","embeddable":true,"href":"https:\/\/tacuarembo.gub.uy\/index.php?rest_route=%2Fwp%2Fv2%2Fcategories&post=28531"},{"taxonomy":"post_tag","embeddable":true,"href":"https:\/\/tacuarembo.gub.uy\/index.php?rest_route=%2Fwp%2Fv2%2Ftags&post=28531"}],"curies":[{"name":"wp","href":"https:\/\/api.w.org\/{rel}","templated":true}]}}