{"id":28521,"date":"2024-12-02T16:44:00","date_gmt":"2024-12-02T19:44:00","guid":{"rendered":"https:\/\/tacuarembo.gub.uy\/?p=28521"},"modified":"2024-12-02T16:47:19","modified_gmt":"2024-12-02T19:47:19","slug":"nodos-de-salud-cronograma-diciembre","status":"publish","type":"post","link":"https:\/\/tacuarembo.gub.uy\/?p=28521","title":{"rendered":"Nodos de Salud, cronograma diciembre"},"content":{"rendered":"\n<p>La Intendencia de Tacuaremb\u00f3 comparte informaci\u00f3n recibida de la Direcci\u00f3n de Salud sobre el cronograma de Jornadas del Programa de Salud planificadas para el mes de diciembre<br>-Mi\u00e9rcoles 4 hora 09:00, Escuela 128 Las Pajas<br>-Jueves 5 hora 08:00, Piedra Sola Policl\u00ednica<br>-Mi\u00e9rcoles 11 hora 09:00, Paso de los Novillos Policl\u00ednica<br>-Jueves 12 hora 08:00, Sauce de Batov\u00ed Policl\u00ednica<br>-Mi\u00e9rcoles 18 hora 09:00, Cerro del Arbolito Policl\u00ednica<br>-Jueves 19, hora 08:00, Paso del Cerro Policl\u00ednica<br>-Viernes 27, hora 08:00, Rinc\u00f3n de la Aldea Policl\u00ednica<\/p>\n","protected":false},"excerpt":{"rendered":"<p>La Intendencia de Tacuaremb\u00f3 comparte informaci\u00f3n recibida de la Direcci\u00f3n de Salud sobre el cronograma de Jornadas del Programa de Salud planificadas para el mes de diciembre<\/p>\n","protected":false},"author":3,"featured_media":28522,"comment_status":"open","ping_status":"open","sticky":false,"template":"","format":"standard","meta":{"_eb_attr":"","footnotes":""},"categories":[38],"tags":[],"class_list":{"0":"post-28521","1":"post","2":"type-post","3":"status-publish","4":"format-standard","5":"has-post-thumbnail","7":"category-comunicados-de-prensa"},"_links":{"self":[{"href":"https:\/\/tacuarembo.gub.uy\/index.php?rest_route=\/wp\/v2\/posts\/28521","targetHints":{"allow":["GET"]}}],"collection":[{"href":"https:\/\/tacuarembo.gub.uy\/index.php?rest_route=\/wp\/v2\/posts"}],"about":[{"href":"https:\/\/tacuarembo.gub.uy\/index.php?rest_route=\/wp\/v2\/types\/post"}],"author":[{"embeddable":true,"href":"https:\/\/tacuarembo.gub.uy\/index.php?rest_route=\/wp\/v2\/users\/3"}],"replies":[{"embeddable":true,"href":"https:\/\/tacuarembo.gub.uy\/index.php?rest_route=%2Fwp%2Fv2%2Fcomments&post=28521"}],"version-history":[{"count":1,"href":"https:\/\/tacuarembo.gub.uy\/index.php?rest_route=\/wp\/v2\/posts\/28521\/revisions"}],"predecessor-version":[{"id":28523,"href":"https:\/\/tacuarembo.gub.uy\/index.php?rest_route=\/wp\/v2\/posts\/28521\/revisions\/28523"}],"wp:featuredmedia":[{"embeddable":true,"href":"https:\/\/tacuarembo.gub.uy\/index.php?rest_route=\/wp\/v2\/media\/28522"}],"wp:attachment":[{"href":"https:\/\/tacuarembo.gub.uy\/index.php?rest_route=%2Fwp%2Fv2%2Fmedia&parent=28521"}],"wp:term":[{"taxonomy":"category","embeddable":true,"href":"https:\/\/tacuarembo.gub.uy\/index.php?rest_route=%2Fwp%2Fv2%2Fcategories&post=28521"},{"taxonomy":"post_tag","embeddable":true,"href":"https:\/\/tacuarembo.gub.uy\/index.php?rest_route=%2Fwp%2Fv2%2Ftags&post=28521"}],"curies":[{"name":"wp","href":"https:\/\/api.w.org\/{rel}","templated":true}]}}