{"id":28501,"date":"2024-11-29T10:57:00","date_gmt":"2024-11-29T13:57:00","guid":{"rendered":"https:\/\/tacuarembo.gub.uy\/?p=28501"},"modified":"2024-11-29T10:59:53","modified_gmt":"2024-11-29T13:59:53","slug":"teatro-escayola-rinde-homenaje-a-carlos-gardel-con-su-primera-produccion-teatral-volver","status":"publish","type":"post","link":"https:\/\/tacuarembo.gub.uy\/?p=28501","title":{"rendered":"Teatro Escayola rinde homenaje a Carlos Gardel con su primera producci\u00f3n teatral \u201cVolver\u201d"},"content":{"rendered":"\n<p>En el marco del Primer Festival Carlos Gardel, el Teatro Escayola de Tacuaremb\u00f3 presenta \u201cVolver\u201d, su primera producci\u00f3n teatral con un emotivo tributo al \u00edcono m\u00e1ximo del tango, Carlos Gardel.<\/p>\n\n\n\n<p>La obra invita a imaginar un cielo arrabalero habitado por Gardel, un espacio lleno de poes\u00eda y nostalgia tanguera. Bajo la direcci\u00f3n de Natalia Soboredo, un elenco de actores locales compuesto por Gast\u00f3n R\u00edos, Pablo Vera, Jos\u00e9 Rodr\u00edguez y Ger\u00f3nimo Coelho, llevar\u00e1 al p\u00fablico a un universo cargado de emociones. Adem\u00e1s, contar\u00e1 con las participaciones especiales de Juli\u00e1n R\u00edos al piano y William Soboredo en voces en off.<\/p>\n\n\n\n<p>La funci\u00f3n tendr\u00e1 lugar el pr\u00f3ximo mi\u00e9rcoles 11 de diciembre, a las 20 horas, en el Teatro Escayola, donde compartir\u00e1 escenario con Tacuaremb\u00f3 Tango.<\/p>\n\n\n\n<div class=\"wp-block-image-gallery-block-image-gallery-block\"><div class=\"eb-parent-wrapper eb-parent-eb-image-gallery-uagow \"><div class=\"eb-gallery-img-wrapper eb-image-gallery-uagow grid overlay-bottom caption-style-0   no-isotope \" data-id=\"eb-image-gallery-uagow\"><a href=\"https:\/\/tacuarembo.gub.uy\/wp-content\/uploads\/WhatsApp-Image-2024-11-29-at-09.23.101.jpeg\" rel=\"noopener\" data-fslightbox=\"gallery\" data-type=\"image\" class=\"eb-gallery-img-content eb-filter-img-\"><span class=\"eb-gallery-link-wrapper\"><img decoding=\"async\" class=\"eb-gallery-img\" src=\"https:\/\/tacuarembo.gub.uy\/wp-content\/uploads\/WhatsApp-Image-2024-11-29-at-09.23.101.jpeg\" image-index=\"0\" alt=\"\"\/><\/span><\/a><a href=\"https:\/\/tacuarembo.gub.uy\/wp-content\/uploads\/WhatsApp-Image-2024-11-29-at-09.23.10.jpeg\" rel=\"noopener\" data-fslightbox=\"gallery\" data-type=\"image\" class=\"eb-gallery-img-content eb-filter-img-\"><span class=\"eb-gallery-link-wrapper\"><img decoding=\"async\" class=\"eb-gallery-img\" src=\"https:\/\/tacuarembo.gub.uy\/wp-content\/uploads\/WhatsApp-Image-2024-11-29-at-09.23.10.jpeg\" image-index=\"1\" alt=\"\"\/><\/span><\/a><a href=\"https:\/\/tacuarembo.gub.uy\/wp-content\/uploads\/WhatsApp-Image-2024-11-29-at-09.23.091.jpeg\" rel=\"noopener\" data-fslightbox=\"gallery\" data-type=\"image\" class=\"eb-gallery-img-content eb-filter-img-\"><span class=\"eb-gallery-link-wrapper\"><img decoding=\"async\" class=\"eb-gallery-img\" src=\"https:\/\/tacuarembo.gub.uy\/wp-content\/uploads\/WhatsApp-Image-2024-11-29-at-09.23.091.jpeg\" image-index=\"2\" alt=\"\"\/><\/span><\/a><a href=\"https:\/\/tacuarembo.gub.uy\/wp-content\/uploads\/WhatsApp-Image-2024-11-29-at-09.23.09.jpeg\" rel=\"noopener\" data-fslightbox=\"gallery\" data-type=\"image\" class=\"eb-gallery-img-content eb-filter-img-\"><span class=\"eb-gallery-link-wrapper\"><img decoding=\"async\" class=\"eb-gallery-img\" src=\"https:\/\/tacuarembo.gub.uy\/wp-content\/uploads\/WhatsApp-Image-2024-11-29-at-09.23.09.jpeg\" image-index=\"3\" alt=\"\"\/><\/span><\/a><\/div><\/div><\/div>\n\n\n\n<p>Las entradas est\u00e1n a la venta en Tickantel y en la boleter\u00eda del teatro.<\/p>\n","protected":false},"excerpt":{"rendered":"<p>En el marco del Primer Festival Carlos Gardel, el Teatro Escayola de Tacuaremb\u00f3 presenta \u201cVolver\u201d, su primera producci\u00f3n teatral con un emotivo tributo al \u00edcono m\u00e1ximo del tango, Carlos Gardel<\/p>\n","protected":false},"author":3,"featured_media":28503,"comment_status":"open","ping_status":"open","sticky":false,"template":"","format":"standard","meta":{"_eb_attr":"","footnotes":""},"categories":[16],"tags":[],"class_list":{"0":"post-28501","1":"post","2":"type-post","3":"status-publish","4":"format-standard","5":"has-post-thumbnail","7":"category-noticias"},"_links":{"self":[{"href":"https:\/\/tacuarembo.gub.uy\/index.php?rest_route=\/wp\/v2\/posts\/28501","targetHints":{"allow":["GET"]}}],"collection":[{"href":"https:\/\/tacuarembo.gub.uy\/index.php?rest_route=\/wp\/v2\/posts"}],"about":[{"href":"https:\/\/tacuarembo.gub.uy\/index.php?rest_route=\/wp\/v2\/types\/post"}],"author":[{"embeddable":true,"href":"https:\/\/tacuarembo.gub.uy\/index.php?rest_route=\/wp\/v2\/users\/3"}],"replies":[{"embeddable":true,"href":"https:\/\/tacuarembo.gub.uy\/index.php?rest_route=%2Fwp%2Fv2%2Fcomments&post=28501"}],"version-history":[{"count":1,"href":"https:\/\/tacuarembo.gub.uy\/index.php?rest_route=\/wp\/v2\/posts\/28501\/revisions"}],"predecessor-version":[{"id":28506,"href":"https:\/\/tacuarembo.gub.uy\/index.php?rest_route=\/wp\/v2\/posts\/28501\/revisions\/28506"}],"wp:featuredmedia":[{"embeddable":true,"href":"https:\/\/tacuarembo.gub.uy\/index.php?rest_route=\/wp\/v2\/media\/28503"}],"wp:attachment":[{"href":"https:\/\/tacuarembo.gub.uy\/index.php?rest_route=%2Fwp%2Fv2%2Fmedia&parent=28501"}],"wp:term":[{"taxonomy":"category","embeddable":true,"href":"https:\/\/tacuarembo.gub.uy\/index.php?rest_route=%2Fwp%2Fv2%2Fcategories&post=28501"},{"taxonomy":"post_tag","embeddable":true,"href":"https:\/\/tacuarembo.gub.uy\/index.php?rest_route=%2Fwp%2Fv2%2Ftags&post=28501"}],"curies":[{"name":"wp","href":"https:\/\/api.w.org\/{rel}","templated":true}]}}