{"id":2850,"date":"2019-04-29T22:17:46","date_gmt":"2019-04-29T22:17:46","guid":{"rendered":"https:\/\/tacuarembo.gub.uy\/?p=2850"},"modified":"2019-05-01T03:27:11","modified_gmt":"2019-05-01T03:27:11","slug":"el-intendente-conto-su-historia","status":"publish","type":"post","link":"https:\/\/tacuarembo.gub.uy\/?p=2850","title":{"rendered":"El Intendente cont\u00f3 su historia"},"content":{"rendered":"\n<p>Al ser consultado sobre la actualidad departamental en el comienzo del ciclo \u00abLa \u00daltima Palabra\u00bb que conduce la reconocida periodista Giovanna Farias  en Canal 4 HD y que estar\u00e1 al aire durante todo este a\u00f1o 2019.  Eber Da Rosa dijo que no le gusta estar s\u00f3lo en la cr\u00edtica que la cuesti\u00f3n es construir,es aportar, es negociar. Hablo de las grande obras que se han logrado para Tacuaremb\u00f3, record\u00f3 sus ra\u00edces en la vida pol\u00edtica, sus primeros a\u00f1os de militancia, fue consultado sobre el ser militante en la dictadura y tambi\u00e9n sobre su rol docente c\u00f3mo profesor de sociolog\u00eda e historia, tambi\u00e9n cont\u00f3 su pasaje por la Junta Departamental. Sobre las palabras que los inspiran Da Rosa respondi\u00f3 que su palabra es Construir, los invitamos a descubrir la entrevista que sigue a continuaci\u00f3n.<\/p>\n\n\n\n<iframe loading=\"lazy\" src=\"https:\/\/www.youtube.com\/embed\/PxArjK6AQ2E\" allow=\"accelerometer; autoplay; encrypted-media; gyroscope; picture-in-picture\" allowfullscreen=\"\" width=\"690\" height=\"388\" frameborder=\"0\"><\/iframe>\n","protected":false},"excerpt":{"rendered":"<p>Al ser consultado sobre la actualidad departamental en el comienzo del ciclo \u00abLa \u00daltima Palabra\u00bb que conduce la reconocida periodista Giovanna Farias en Canal 4 HD y que estar\u00e1 al aire durante todo este a\u00f1o 2019.<\/p>\n","protected":false},"author":3,"featured_media":2833,"comment_status":"open","ping_status":"open","sticky":false,"template":"","format":"standard","meta":{"_eb_attr":"","footnotes":""},"categories":[16],"tags":[],"class_list":{"0":"post-2850","1":"post","2":"type-post","3":"status-publish","4":"format-standard","5":"has-post-thumbnail","7":"category-noticias"},"_links":{"self":[{"href":"https:\/\/tacuarembo.gub.uy\/index.php?rest_route=\/wp\/v2\/posts\/2850","targetHints":{"allow":["GET"]}}],"collection":[{"href":"https:\/\/tacuarembo.gub.uy\/index.php?rest_route=\/wp\/v2\/posts"}],"about":[{"href":"https:\/\/tacuarembo.gub.uy\/index.php?rest_route=\/wp\/v2\/types\/post"}],"author":[{"embeddable":true,"href":"https:\/\/tacuarembo.gub.uy\/index.php?rest_route=\/wp\/v2\/users\/3"}],"replies":[{"embeddable":true,"href":"https:\/\/tacuarembo.gub.uy\/index.php?rest_route=%2Fwp%2Fv2%2Fcomments&post=2850"}],"version-history":[{"count":2,"href":"https:\/\/tacuarembo.gub.uy\/index.php?rest_route=\/wp\/v2\/posts\/2850\/revisions"}],"predecessor-version":[{"id":2866,"href":"https:\/\/tacuarembo.gub.uy\/index.php?rest_route=\/wp\/v2\/posts\/2850\/revisions\/2866"}],"wp:featuredmedia":[{"embeddable":true,"href":"https:\/\/tacuarembo.gub.uy\/index.php?rest_route=\/wp\/v2\/media\/2833"}],"wp:attachment":[{"href":"https:\/\/tacuarembo.gub.uy\/index.php?rest_route=%2Fwp%2Fv2%2Fmedia&parent=2850"}],"wp:term":[{"taxonomy":"category","embeddable":true,"href":"https:\/\/tacuarembo.gub.uy\/index.php?rest_route=%2Fwp%2Fv2%2Fcategories&post=2850"},{"taxonomy":"post_tag","embeddable":true,"href":"https:\/\/tacuarembo.gub.uy\/index.php?rest_route=%2Fwp%2Fv2%2Ftags&post=2850"}],"curies":[{"name":"wp","href":"https:\/\/api.w.org\/{rel}","templated":true}]}}