{"id":2825,"date":"2019-04-25T22:30:00","date_gmt":"2019-04-25T22:30:00","guid":{"rendered":"https:\/\/tacuarembo.gub.uy\/?p=2825"},"modified":"2019-04-25T22:30:00","modified_gmt":"2019-04-25T22:30:00","slug":"curso-de-apicultura","status":"publish","type":"post","link":"https:\/\/tacuarembo.gub.uy\/?p=2825","title":{"rendered":"Curso de Apicultura"},"content":{"rendered":"\n<p>La\nDir.Gral. de Prodema, INEFOP y el Proyecto Mipestac informan a todos los\ninteresados, mayores de edad, en realizar un Curso de Iniciaci\u00f3n a la\nApicultura; el cual se desarrollar\u00e1 en pr\u00f3xima fecha a confirmar en la ciudad\nde Tacuaremb\u00f3, con una duraci\u00f3n de 3 meses, a trav\u00e9s de jornadas\nte\u00f3rico-pr\u00e1cticas los d\u00edas s\u00e1bados; las inscripciones se reciben present\u00e1ndose\npersonalmente en oficinas de Prodema, Gral. Flores 165, en horario de 13:00 a\n18:00 horas, con c\u00e9dula de identidad vigente y hasta el d\u00eda viernes 17 de mayo\ninclusive.<\/p>\n","protected":false},"excerpt":{"rendered":"<p>La Dir.Gral. de Prodema, INEFOP y el Proyecto Mipestac informan a todos los interesados, mayores de edad, en realizar un Curso de Iniciaci\u00f3n a la Apicultura; el cual se desarrollar\u00e1 en pr\u00f3xima fecha a confirmar en la ciudad de Tacuaremb\u00f3<\/p>\n","protected":false},"author":3,"featured_media":2826,"comment_status":"open","ping_status":"open","sticky":false,"template":"","format":"standard","meta":{"_eb_attr":"","footnotes":""},"categories":[16],"tags":[],"class_list":{"0":"post-2825","1":"post","2":"type-post","3":"status-publish","4":"format-standard","5":"has-post-thumbnail","7":"category-noticias"},"_links":{"self":[{"href":"https:\/\/tacuarembo.gub.uy\/index.php?rest_route=\/wp\/v2\/posts\/2825","targetHints":{"allow":["GET"]}}],"collection":[{"href":"https:\/\/tacuarembo.gub.uy\/index.php?rest_route=\/wp\/v2\/posts"}],"about":[{"href":"https:\/\/tacuarembo.gub.uy\/index.php?rest_route=\/wp\/v2\/types\/post"}],"author":[{"embeddable":true,"href":"https:\/\/tacuarembo.gub.uy\/index.php?rest_route=\/wp\/v2\/users\/3"}],"replies":[{"embeddable":true,"href":"https:\/\/tacuarembo.gub.uy\/index.php?rest_route=%2Fwp%2Fv2%2Fcomments&post=2825"}],"version-history":[{"count":1,"href":"https:\/\/tacuarembo.gub.uy\/index.php?rest_route=\/wp\/v2\/posts\/2825\/revisions"}],"predecessor-version":[{"id":2827,"href":"https:\/\/tacuarembo.gub.uy\/index.php?rest_route=\/wp\/v2\/posts\/2825\/revisions\/2827"}],"wp:featuredmedia":[{"embeddable":true,"href":"https:\/\/tacuarembo.gub.uy\/index.php?rest_route=\/wp\/v2\/media\/2826"}],"wp:attachment":[{"href":"https:\/\/tacuarembo.gub.uy\/index.php?rest_route=%2Fwp%2Fv2%2Fmedia&parent=2825"}],"wp:term":[{"taxonomy":"category","embeddable":true,"href":"https:\/\/tacuarembo.gub.uy\/index.php?rest_route=%2Fwp%2Fv2%2Fcategories&post=2825"},{"taxonomy":"post_tag","embeddable":true,"href":"https:\/\/tacuarembo.gub.uy\/index.php?rest_route=%2Fwp%2Fv2%2Ftags&post=2825"}],"curies":[{"name":"wp","href":"https:\/\/api.w.org\/{rel}","templated":true}]}}