{"id":28219,"date":"2024-11-09T20:06:00","date_gmt":"2024-11-09T23:06:00","guid":{"rendered":"https:\/\/tacuarembo.gub.uy\/?p=28219"},"modified":"2024-11-09T20:06:00","modified_gmt":"2024-11-09T23:06:00","slug":"patria-gaucha-el-documental-vuelve-al-teatro-escayola","status":"publish","type":"post","link":"https:\/\/tacuarembo.gub.uy\/?p=28219","title":{"rendered":"\u00abPatria Gaucha, el documental\u00bb vuelve al Teatro Escayola"},"content":{"rendered":"\n<p>Luego de la exitosa presentaci\u00f3n en doble funci\u00f3n y a sala llena, el documental \u00abPatria Gaucha\u00bb regresar\u00e1 al Teatro Escayola para una nueva proyecci\u00f3n. El trabajo audiovisual, dirigido por los j\u00f3venes realizadores Jerem\u00edas Lazo y Diego Carrasco, busca resaltar y celebrar la importancia de la Fiesta de la Patria Gaucha, considerada la festividad de tradiciones m\u00e1s relevante de la regi\u00f3n.<\/p>\n\n\n\n<figure class=\"wp-block-image size-full\"><img loading=\"lazy\" decoding=\"async\" width=\"1080\" height=\"1080\" src=\"https:\/\/tacuarembo.gub.uy\/wp-content\/uploads\/IMG-20241109-WA0011.jpg\" alt=\"\" class=\"wp-image-28220\" srcset=\"https:\/\/tacuarembo.gub.uy\/wp-content\/uploads\/IMG-20241109-WA0011.jpg 1080w, https:\/\/tacuarembo.gub.uy\/wp-content\/uploads\/IMG-20241109-WA0011-768x768.jpg 768w\" sizes=\"auto, (max-width: 1080px) 100vw, 1080px\" \/><\/figure>\n\n\n\n<p>La cita ser\u00e1 el viernes 15 de noviembre, a las 20 horas, con entrada libre y gratuita.<\/p>\n\n\n\n<p>Este documental no solo ofrece una mirada \u00fanica sobre el legado cultural y las tradiciones del pa\u00eds, sino que invita al p\u00fablico a ser parte de su transmisi\u00f3n y preservaci\u00f3n para las futuras generaciones.<\/p>\n","protected":false},"excerpt":{"rendered":"<p>Luego de la exitosa presentaci\u00f3n en doble funci\u00f3n y a sala llena, el documental \u00abPatria Gaucha\u00bb regresar\u00e1 al Teatro Escayola para una nueva proyecci\u00f3n<\/p>\n","protected":false},"author":3,"featured_media":28220,"comment_status":"open","ping_status":"open","sticky":false,"template":"","format":"standard","meta":{"_eb_attr":"","footnotes":""},"categories":[16],"tags":[],"class_list":{"0":"post-28219","1":"post","2":"type-post","3":"status-publish","4":"format-standard","5":"has-post-thumbnail","7":"category-noticias"},"_links":{"self":[{"href":"https:\/\/tacuarembo.gub.uy\/index.php?rest_route=\/wp\/v2\/posts\/28219","targetHints":{"allow":["GET"]}}],"collection":[{"href":"https:\/\/tacuarembo.gub.uy\/index.php?rest_route=\/wp\/v2\/posts"}],"about":[{"href":"https:\/\/tacuarembo.gub.uy\/index.php?rest_route=\/wp\/v2\/types\/post"}],"author":[{"embeddable":true,"href":"https:\/\/tacuarembo.gub.uy\/index.php?rest_route=\/wp\/v2\/users\/3"}],"replies":[{"embeddable":true,"href":"https:\/\/tacuarembo.gub.uy\/index.php?rest_route=%2Fwp%2Fv2%2Fcomments&post=28219"}],"version-history":[{"count":1,"href":"https:\/\/tacuarembo.gub.uy\/index.php?rest_route=\/wp\/v2\/posts\/28219\/revisions"}],"predecessor-version":[{"id":28221,"href":"https:\/\/tacuarembo.gub.uy\/index.php?rest_route=\/wp\/v2\/posts\/28219\/revisions\/28221"}],"wp:featuredmedia":[{"embeddable":true,"href":"https:\/\/tacuarembo.gub.uy\/index.php?rest_route=\/wp\/v2\/media\/28220"}],"wp:attachment":[{"href":"https:\/\/tacuarembo.gub.uy\/index.php?rest_route=%2Fwp%2Fv2%2Fmedia&parent=28219"}],"wp:term":[{"taxonomy":"category","embeddable":true,"href":"https:\/\/tacuarembo.gub.uy\/index.php?rest_route=%2Fwp%2Fv2%2Fcategories&post=28219"},{"taxonomy":"post_tag","embeddable":true,"href":"https:\/\/tacuarembo.gub.uy\/index.php?rest_route=%2Fwp%2Fv2%2Ftags&post=28219"}],"curies":[{"name":"wp","href":"https:\/\/api.w.org\/{rel}","templated":true}]}}