{"id":28191,"date":"2024-11-08T12:54:28","date_gmt":"2024-11-08T15:54:28","guid":{"rendered":"https:\/\/tacuarembo.gub.uy\/?p=28191"},"modified":"2024-11-08T12:54:28","modified_gmt":"2024-11-08T15:54:28","slug":"documental-sobre-la-patria-gaucha-se-estrena-a-sala-llena-en-el-teatro-escayola","status":"publish","type":"post","link":"https:\/\/tacuarembo.gub.uy\/?p=28191","title":{"rendered":"Documental sobre la Patria Gaucha se estrena a sala llena en el Teatro Escayola"},"content":{"rendered":"\n<p>\u201cPatria Gaucha, el documental\u201d, dirigido por los j\u00f3venes Jerem\u00edas Lazo y Diego Carrasco, fue presentado en el Teatro Escayola, donde dos funciones a sala llena celebraron la importancia de la Fiesta de la Patria Gaucha. La intendente interina, Greysi Ara\u00fajo, estuvo presente y destac\u00f3 el valor de este material audiovisual para preservar y difundir las tradiciones de esta celebraci\u00f3n.<\/p>\n\n\n\n<p>La proyecci\u00f3n cont\u00f3 con la presencia del intendente Wilson Ezquerra, el ex intendente Eber da Rosa, as\u00ed como autoridades departamentales y representantes de las sociedades criollas del norte del pa\u00eds. La conducci\u00f3n del evento estuvo a cargo de Juan Carlos L\u00f3pez, del programa Americando, y tambi\u00e9n incluy\u00f3 actuaciones del payador Juan Carlos L\u00f3pez de Treinta y Tres y Emanuel Calero de San Jos\u00e9. El Ballet Rumbo Norte de Tacuaremb\u00f3 aport\u00f3 a la noche un toque especial con sus danzas criollas, recibiendo la ovaci\u00f3n del p\u00fablico.<\/p>\n\n\n\n<p>La intendente interina, Greysi Ara\u00fajo, expres\u00f3 su satisfacci\u00f3n por este proyecto, resaltando que el documental es un valioso recurso para \u201cconservar, elevar y difundir la Fiesta de la Patria Gaucha\u201d. A su vez, subray\u00f3 el rol fundamental de los gauchos en la construcci\u00f3n de la identidad cultural del pa\u00eds y su legado como s\u00edmbolos de libertad y resistencia: \u201cEste evento es un homenaje a nuestras ra\u00edces, a la valent\u00eda y al esp\u00edritu indomable de nuestros gauchos\u201d, a\u00f1adi\u00f3.<\/p>\n\n\n\n<p>Ara\u00fajo enfatiz\u00f3 que la Fiesta de la Patria Gaucha es mucho m\u00e1s que una celebraci\u00f3n; es un acto de ense\u00f1anza que transmite a las nuevas generaciones valores como el trabajo duro, el respeto por la tierra y el amor por las tradiciones. \u201cA trav\u00e9s de esta fiesta, ense\u00f1amos a nuestros hijos y nietos sobre el valor de nuestras costumbres\u201d, explic\u00f3. Asimismo, alent\u00f3 a ver esta festividad como \u201cuna oportunidad para reafirmar nuestra identidad, honrar a nuestros antepasados y transmitir nuestro legado cultural\u201d.<\/p>\n\n\n\n<div class=\"wp-block-image-gallery-block-image-gallery-block\"><div class=\"eb-parent-wrapper eb-parent-eb-image-gallery-7yxwb \"><div class=\"eb-gallery-img-wrapper eb-image-gallery-7yxwb grid overlay-bottom caption-style-0   no-isotope \" data-id=\"eb-image-gallery-7yxwb\"><a href=\"https:\/\/tacuarembo.gub.uy\/wp-content\/uploads\/WhatsApp-Image-2024-11-08-at-12.52.45.jpeg\" rel=\"noopener\" data-fslightbox=\"gallery\" data-type=\"image\" class=\"eb-gallery-img-content eb-filter-img-\"><span class=\"eb-gallery-link-wrapper\"><img decoding=\"async\" class=\"eb-gallery-img\" src=\"https:\/\/tacuarembo.gub.uy\/wp-content\/uploads\/WhatsApp-Image-2024-11-08-at-12.52.45.jpeg\" image-index=\"0\" alt=\"\"\/><\/span><\/a><a href=\"https:\/\/tacuarembo.gub.uy\/wp-content\/uploads\/WhatsApp-Image-2024-11-08-at-12.52.133.jpeg\" rel=\"noopener\" data-fslightbox=\"gallery\" data-type=\"image\" class=\"eb-gallery-img-content eb-filter-img-\"><span class=\"eb-gallery-link-wrapper\"><img decoding=\"async\" class=\"eb-gallery-img\" src=\"https:\/\/tacuarembo.gub.uy\/wp-content\/uploads\/WhatsApp-Image-2024-11-08-at-12.52.133.jpeg\" image-index=\"1\" alt=\"\"\/><\/span><\/a><a href=\"https:\/\/tacuarembo.gub.uy\/wp-content\/uploads\/WhatsApp-Image-2024-11-08-at-12.52.132.jpeg\" rel=\"noopener\" data-fslightbox=\"gallery\" data-type=\"image\" class=\"eb-gallery-img-content eb-filter-img-\"><span class=\"eb-gallery-link-wrapper\"><img decoding=\"async\" class=\"eb-gallery-img\" src=\"https:\/\/tacuarembo.gub.uy\/wp-content\/uploads\/WhatsApp-Image-2024-11-08-at-12.52.132.jpeg\" image-index=\"2\" alt=\"\"\/><\/span><\/a><a href=\"https:\/\/tacuarembo.gub.uy\/wp-content\/uploads\/WhatsApp-Image-2024-11-08-at-12.52.131.jpeg\" rel=\"noopener\" data-fslightbox=\"gallery\" data-type=\"image\" class=\"eb-gallery-img-content eb-filter-img-\"><span class=\"eb-gallery-link-wrapper\"><img decoding=\"async\" class=\"eb-gallery-img\" src=\"https:\/\/tacuarembo.gub.uy\/wp-content\/uploads\/WhatsApp-Image-2024-11-08-at-12.52.131.jpeg\" image-index=\"3\" alt=\"\"\/><\/span><\/a><a href=\"https:\/\/tacuarembo.gub.uy\/wp-content\/uploads\/WhatsApp-Image-2024-11-08-at-12.52.13.jpeg\" rel=\"noopener\" data-fslightbox=\"gallery\" data-type=\"image\" class=\"eb-gallery-img-content eb-filter-img-\"><span class=\"eb-gallery-link-wrapper\"><img decoding=\"async\" class=\"eb-gallery-img\" src=\"https:\/\/tacuarembo.gub.uy\/wp-content\/uploads\/WhatsApp-Image-2024-11-08-at-12.52.13.jpeg\" image-index=\"4\" alt=\"\"\/><\/span><\/a><a href=\"https:\/\/tacuarembo.gub.uy\/wp-content\/uploads\/WhatsApp-Image-2024-11-08-at-12.52.123.jpeg\" rel=\"noopener\" data-fslightbox=\"gallery\" data-type=\"image\" class=\"eb-gallery-img-content eb-filter-img-\"><span class=\"eb-gallery-link-wrapper\"><img decoding=\"async\" class=\"eb-gallery-img\" src=\"https:\/\/tacuarembo.gub.uy\/wp-content\/uploads\/WhatsApp-Image-2024-11-08-at-12.52.123.jpeg\" image-index=\"5\" alt=\"\"\/><\/span><\/a><a href=\"https:\/\/tacuarembo.gub.uy\/wp-content\/uploads\/WhatsApp-Image-2024-11-08-at-12.52.122.jpeg\" rel=\"noopener\" data-fslightbox=\"gallery\" data-type=\"image\" class=\"eb-gallery-img-content eb-filter-img-\"><span class=\"eb-gallery-link-wrapper\"><img decoding=\"async\" class=\"eb-gallery-img\" src=\"https:\/\/tacuarembo.gub.uy\/wp-content\/uploads\/WhatsApp-Image-2024-11-08-at-12.52.122.jpeg\" image-index=\"6\" alt=\"\"\/><\/span><\/a><a href=\"https:\/\/tacuarembo.gub.uy\/wp-content\/uploads\/WhatsApp-Image-2024-11-08-at-12.52.121.jpeg\" rel=\"noopener\" data-fslightbox=\"gallery\" data-type=\"image\" class=\"eb-gallery-img-content eb-filter-img-\"><span class=\"eb-gallery-link-wrapper\"><img decoding=\"async\" class=\"eb-gallery-img\" src=\"https:\/\/tacuarembo.gub.uy\/wp-content\/uploads\/WhatsApp-Image-2024-11-08-at-12.52.121.jpeg\" image-index=\"7\" alt=\"\"\/><\/span><\/a><a href=\"https:\/\/tacuarembo.gub.uy\/wp-content\/uploads\/WhatsApp-Image-2024-11-08-at-12.52.12.jpeg\" rel=\"noopener\" data-fslightbox=\"gallery\" data-type=\"image\" class=\"eb-gallery-img-content eb-filter-img-\"><span class=\"eb-gallery-link-wrapper\"><img decoding=\"async\" class=\"eb-gallery-img\" src=\"https:\/\/tacuarembo.gub.uy\/wp-content\/uploads\/WhatsApp-Image-2024-11-08-at-12.52.12.jpeg\" image-index=\"8\" alt=\"\"\/><\/span><\/a><a href=\"https:\/\/tacuarembo.gub.uy\/wp-content\/uploads\/WhatsApp-Image-2024-11-08-at-12.52.111.jpeg\" rel=\"noopener\" data-fslightbox=\"gallery\" data-type=\"image\" class=\"eb-gallery-img-content eb-filter-img-\"><span class=\"eb-gallery-link-wrapper\"><img decoding=\"async\" class=\"eb-gallery-img\" src=\"https:\/\/tacuarembo.gub.uy\/wp-content\/uploads\/WhatsApp-Image-2024-11-08-at-12.52.111.jpeg\" image-index=\"9\" alt=\"\"\/><\/span><\/a><a href=\"https:\/\/tacuarembo.gub.uy\/wp-content\/uploads\/WhatsApp-Image-2024-11-08-at-12.52.11.jpeg\" rel=\"noopener\" data-fslightbox=\"gallery\" data-type=\"image\" class=\"eb-gallery-img-content eb-filter-img-\"><span class=\"eb-gallery-link-wrapper\"><img decoding=\"async\" class=\"eb-gallery-img\" src=\"https:\/\/tacuarembo.gub.uy\/wp-content\/uploads\/WhatsApp-Image-2024-11-08-at-12.52.11.jpeg\" image-index=\"10\" alt=\"\"\/><\/span><\/a><\/div><\/div><\/div>\n","protected":false},"excerpt":{"rendered":"<p>\u201cPatria Gaucha, el documental\u201d, dirigido por los j\u00f3venes Jerem\u00edas Lazo y Diego Carrasco, fue presentado en el Teatro Escayola, donde dos funciones a sala llena celebraron la importancia de la Fiesta de la Patria Gaucha. La intendente interina, Greysi Ara\u00fajo, estuvo presente y destac\u00f3 el valor de este material audiovisual para preservar y difundir las tradiciones de esta celebraci\u00f3n<\/p>\n","protected":false},"author":3,"featured_media":28196,"comment_status":"open","ping_status":"open","sticky":false,"template":"","format":"standard","meta":{"_eb_attr":"","footnotes":""},"categories":[16],"tags":[],"class_list":{"0":"post-28191","1":"post","2":"type-post","3":"status-publish","4":"format-standard","5":"has-post-thumbnail","7":"category-noticias"},"_links":{"self":[{"href":"https:\/\/tacuarembo.gub.uy\/index.php?rest_route=\/wp\/v2\/posts\/28191","targetHints":{"allow":["GET"]}}],"collection":[{"href":"https:\/\/tacuarembo.gub.uy\/index.php?rest_route=\/wp\/v2\/posts"}],"about":[{"href":"https:\/\/tacuarembo.gub.uy\/index.php?rest_route=\/wp\/v2\/types\/post"}],"author":[{"embeddable":true,"href":"https:\/\/tacuarembo.gub.uy\/index.php?rest_route=\/wp\/v2\/users\/3"}],"replies":[{"embeddable":true,"href":"https:\/\/tacuarembo.gub.uy\/index.php?rest_route=%2Fwp%2Fv2%2Fcomments&post=28191"}],"version-history":[{"count":1,"href":"https:\/\/tacuarembo.gub.uy\/index.php?rest_route=\/wp\/v2\/posts\/28191\/revisions"}],"predecessor-version":[{"id":28203,"href":"https:\/\/tacuarembo.gub.uy\/index.php?rest_route=\/wp\/v2\/posts\/28191\/revisions\/28203"}],"wp:featuredmedia":[{"embeddable":true,"href":"https:\/\/tacuarembo.gub.uy\/index.php?rest_route=\/wp\/v2\/media\/28196"}],"wp:attachment":[{"href":"https:\/\/tacuarembo.gub.uy\/index.php?rest_route=%2Fwp%2Fv2%2Fmedia&parent=28191"}],"wp:term":[{"taxonomy":"category","embeddable":true,"href":"https:\/\/tacuarembo.gub.uy\/index.php?rest_route=%2Fwp%2Fv2%2Fcategories&post=28191"},{"taxonomy":"post_tag","embeddable":true,"href":"https:\/\/tacuarembo.gub.uy\/index.php?rest_route=%2Fwp%2Fv2%2Ftags&post=28191"}],"curies":[{"name":"wp","href":"https:\/\/api.w.org\/{rel}","templated":true}]}}