{"id":28182,"date":"2024-11-06T10:00:29","date_gmt":"2024-11-06T13:00:29","guid":{"rendered":"https:\/\/tacuarembo.gub.uy\/?p=28182"},"modified":"2024-11-06T10:00:45","modified_gmt":"2024-11-06T13:00:45","slug":"gran-final-automovilismo-2024-en-el-autodromo-de-tacuarembo","status":"publish","type":"post","link":"https:\/\/tacuarembo.gub.uy\/?p=28182","title":{"rendered":"Gran Final Automovilismo 2024 en el Aut\u00f3dromo de Tacuaremb\u00f3"},"content":{"rendered":"\n<p>El secretario general de la IDT, Jos\u00e9 Omar Men\u00e9ndez, particip\u00f3 del lanzamiento donde la Asociaci\u00f3n de Volantes de Tacuaremb\u00f3 y del Salto Autom\u00f3vil Club (SAC) presentaron detalles de la gran final de todas las categor\u00edas que participar\u00e1n en las distintas carreras.<\/p>\n\n\n\n<p>El evento tendr\u00e1 lugar el s\u00e1bado 9 y domingo 10 de noviembre, en el Aut\u00f3dromo H\u00e9ctor Supicci Sedes de Tacuaremb\u00f3.<\/p>\n\n\n\n<p>En la oportunidad se disputar\u00e1 la pen\u00faltima fecha del Salto Autom\u00f3vil Club (SAC) en sus dos categor\u00edas. Adem\u00e1s, el evento contar\u00e1 con la participaci\u00f3n de la Asociaci\u00f3n de Volantes de Tacuaremb\u00f3 (AVT) en varias categor\u00edas: Super Chevette, Monopostos 1600, Turismo Multimarcas AVT y Turismo Libre, lo que promete un fin de semana lleno de adrenalina en la pista.<\/p>\n\n\n\n<figure class=\"wp-block-embed is-provider-youtube wp-block-embed-youtube\"><div class=\"wp-block-embed__wrapper\">\n<iframe loading=\"lazy\" title=\"Gran Final Automovilismo 2024\" width=\"1080\" height=\"608\" src=\"https:\/\/www.youtube.com\/embed\/Xevsb6OGuvA?feature=oembed\" frameborder=\"0\" allow=\"accelerometer; autoplay; clipboard-write; encrypted-media; gyroscope; picture-in-picture; web-share\" referrerpolicy=\"strict-origin-when-cross-origin\" allowfullscreen><\/iframe>\n<\/div><\/figure>\n\n\n\n<p>Men\u00e9ndez afirm\u00f3 que la Intendencia siempre ha tratado de apoyar el deporte motor e invit\u00f3 a la poblaci\u00f3n a acompa\u00f1ar la jornada.<\/p>\n\n\n\n<p>Durante la conferencia tambi\u00e9n se destacaron las mejoras ejecutadas por la IDT en la pista, especialmente con trabajos de recapado. Asimismo, se hizo hincapi\u00e9 en en que se trata de un circuito corto que lo hace m\u00e1s entretenido y t\u00e9cnico para los pilotos.<\/p>\n\n\n\n<div class=\"wp-block-image-gallery-block-image-gallery-block\"><div class=\"eb-parent-wrapper eb-parent-eb-image-gallery-6q58x \"><div class=\"eb-gallery-img-wrapper eb-image-gallery-6q58x grid overlay-bottom caption-style-0   no-isotope \" data-id=\"eb-image-gallery-6q58x\"><a href=\"https:\/\/tacuarembo.gub.uy\/wp-content\/uploads\/WhatsApp-Image-2024-11-06-at-09.58.361.jpeg\" rel=\"noopener\" data-fslightbox=\"gallery\" data-type=\"image\" class=\"eb-gallery-img-content eb-filter-img-\"><span class=\"eb-gallery-link-wrapper\"><img decoding=\"async\" class=\"eb-gallery-img\" src=\"https:\/\/tacuarembo.gub.uy\/wp-content\/uploads\/WhatsApp-Image-2024-11-06-at-09.58.361.jpeg\" image-index=\"0\" alt=\"\"\/><\/span><\/a><a href=\"https:\/\/tacuarembo.gub.uy\/wp-content\/uploads\/WhatsApp-Image-2024-11-06-at-09.58.36.jpeg\" rel=\"noopener\" data-fslightbox=\"gallery\" data-type=\"image\" class=\"eb-gallery-img-content eb-filter-img-\"><span class=\"eb-gallery-link-wrapper\"><img decoding=\"async\" class=\"eb-gallery-img\" src=\"https:\/\/tacuarembo.gub.uy\/wp-content\/uploads\/WhatsApp-Image-2024-11-06-at-09.58.36.jpeg\" image-index=\"1\" alt=\"\"\/><\/span><\/a><a href=\"https:\/\/tacuarembo.gub.uy\/wp-content\/uploads\/WhatsApp-Image-2024-11-06-at-09.58.351.jpeg\" rel=\"noopener\" data-fslightbox=\"gallery\" data-type=\"image\" class=\"eb-gallery-img-content eb-filter-img-\"><span class=\"eb-gallery-link-wrapper\"><img decoding=\"async\" class=\"eb-gallery-img\" src=\"https:\/\/tacuarembo.gub.uy\/wp-content\/uploads\/WhatsApp-Image-2024-11-06-at-09.58.351.jpeg\" image-index=\"2\" alt=\"\"\/><\/span><\/a><a href=\"https:\/\/tacuarembo.gub.uy\/wp-content\/uploads\/WhatsApp-Image-2024-11-06-at-09.58.35.jpeg\" rel=\"noopener\" data-fslightbox=\"gallery\" data-type=\"image\" class=\"eb-gallery-img-content eb-filter-img-\"><span class=\"eb-gallery-link-wrapper\"><img decoding=\"async\" class=\"eb-gallery-img\" src=\"https:\/\/tacuarembo.gub.uy\/wp-content\/uploads\/WhatsApp-Image-2024-11-06-at-09.58.35.jpeg\" image-index=\"3\" alt=\"\"\/><\/span><\/a><\/div><\/div><\/div>\n","protected":false},"excerpt":{"rendered":"<p>El secretario general de la IDT, Jos\u00e9 Omar Men\u00e9ndez, particip\u00f3 del lanzamiento donde la Asociaci\u00f3n de Volantes de Tacuaremb\u00f3 y del Salto Autom\u00f3vil Club (SAC) presentaron detalles de la gran final de todas las categor\u00edas que participar\u00e1n en las distintas carreras<\/p>\n","protected":false},"author":3,"featured_media":28186,"comment_status":"open","ping_status":"open","sticky":false,"template":"","format":"standard","meta":{"_eb_attr":"","footnotes":""},"categories":[16],"tags":[],"class_list":{"0":"post-28182","1":"post","2":"type-post","3":"status-publish","4":"format-standard","5":"has-post-thumbnail","7":"category-noticias"},"_links":{"self":[{"href":"https:\/\/tacuarembo.gub.uy\/index.php?rest_route=\/wp\/v2\/posts\/28182","targetHints":{"allow":["GET"]}}],"collection":[{"href":"https:\/\/tacuarembo.gub.uy\/index.php?rest_route=\/wp\/v2\/posts"}],"about":[{"href":"https:\/\/tacuarembo.gub.uy\/index.php?rest_route=\/wp\/v2\/types\/post"}],"author":[{"embeddable":true,"href":"https:\/\/tacuarembo.gub.uy\/index.php?rest_route=\/wp\/v2\/users\/3"}],"replies":[{"embeddable":true,"href":"https:\/\/tacuarembo.gub.uy\/index.php?rest_route=%2Fwp%2Fv2%2Fcomments&post=28182"}],"version-history":[{"count":1,"href":"https:\/\/tacuarembo.gub.uy\/index.php?rest_route=\/wp\/v2\/posts\/28182\/revisions"}],"predecessor-version":[{"id":28187,"href":"https:\/\/tacuarembo.gub.uy\/index.php?rest_route=\/wp\/v2\/posts\/28182\/revisions\/28187"}],"wp:featuredmedia":[{"embeddable":true,"href":"https:\/\/tacuarembo.gub.uy\/index.php?rest_route=\/wp\/v2\/media\/28186"}],"wp:attachment":[{"href":"https:\/\/tacuarembo.gub.uy\/index.php?rest_route=%2Fwp%2Fv2%2Fmedia&parent=28182"}],"wp:term":[{"taxonomy":"category","embeddable":true,"href":"https:\/\/tacuarembo.gub.uy\/index.php?rest_route=%2Fwp%2Fv2%2Fcategories&post=28182"},{"taxonomy":"post_tag","embeddable":true,"href":"https:\/\/tacuarembo.gub.uy\/index.php?rest_route=%2Fwp%2Fv2%2Ftags&post=28182"}],"curies":[{"name":"wp","href":"https:\/\/api.w.org\/{rel}","templated":true}]}}