{"id":28177,"date":"2024-11-02T12:29:59","date_gmt":"2024-11-02T15:29:59","guid":{"rendered":"https:\/\/tacuarembo.gub.uy\/?p=28177"},"modified":"2024-11-02T12:33:03","modified_gmt":"2024-11-02T15:33:03","slug":"se-acerca-el-primer-festival-internacional-carlos-gardel","status":"publish","type":"post","link":"https:\/\/tacuarembo.gub.uy\/?p=28177","title":{"rendered":"Se acerca el Primer Festival Internacional \u201cCarlos Gardel\u201d"},"content":{"rendered":"\n<p>La subsecretaria de Educaci\u00f3n y Cultura, Ana Ribeiro, invit\u00f3 a participar de este evento que se llevar\u00e1 a cabo del 11 al 15 de diciembre en la ciudad de Tacuaremb\u00f3.<\/p>\n\n\n\n<p>Se\u00f1al\u00f3 que habr\u00e1 una grilla imperdible de artistas que acompa\u00f1ar\u00e1 la programaci\u00f3n. Adem\u00e1s, dijo que \u201cTacuaremb\u00f3 est\u00e1 celebrando varias cosas, no solamente ser la patria de Carlos Gardel, sino que tambi\u00e9n tiene un Teatro Escayola recuperado y declarado Patrimonio Nacional\u00bb.<\/p>\n\n\n\n<p>\u00abSe celebrar\u00e1 al tango que es patrimonio inmaterial, seg\u00fan la Unesco\u00bb<\/p>\n\n\n\n<p>Cabe destacar que durante las jornadas habr\u00e1 espect\u00e1culos musicales, visitas guiadas, conferencias, presentaciones de libros, debates y proyecciones de pel\u00edculas\u00bb.<\/p>\n\n\n\n<p><em><strong>Mi\u00e9rcoles<\/strong> <strong>11<\/strong><\/em><\/p>\n\n\n\n<p>Teatro Escayola<br>11 horas: Visita guiada Carlos Gardel<br>16 horas: Documental CICLO LA RUTA DE GARDEL Lejana Tierra M\u00eda<\/p>\n\n\n\n<p>Caf\u00e9 del Teatro<br>18 horas: Conferencia \u201cLa historia de Carlos Gardel\u201d<\/p>\n\n\n\n<p>Plaza 19 de abril<br>18.30 horas: Exhibici\u00f3n de bailarines de tango y Orquesta la Milonguera, Paysand\u00fa es Tango<\/p>\n\n\n\n<p>Teatro Escayola<br>20 horas: Tacuaremb\u00f3 Tango<\/p>\n\n\n\n<p><em><strong>Jueves 12<\/strong><\/em><\/p>\n\n\n\n<p>Teatro Escayola<br>11 horas: Visita guiada Carlos Gardel<br>16 horas: Documental CICLO LA RUTA DE GARDEL Sue\u00f1o Querido<\/p>\n\n\n\n<p>Caf\u00e9 del Teatro<br>18 horas: Conferencia Mesa Redonda \u201cEl futuro del Tango\u201d<\/p>\n\n\n\n<p>Plaza 19 de abril<br>18.30 horas: Muestra de tango (danza)<br>19 horas: Nelson Pino<\/p>\n\n\n\n<p>Teatro Escayola<br>20 horas: Julio Cobelli &#8211; Ricardo Olivera<\/p>\n\n\n\n<p>Club Tacuaremb\u00f3<br>22 horas: Milonga<\/p>\n\n\n\n<p><em><strong>Viernes 13<\/strong><\/em><\/p>\n\n\n\n<p>Teatro Escayola<br>11 horas: Visita guiada Carlos Gardel<br>16 horas: Documental CICLO LA RUTA DE GARDEL Por una cabeza<\/p>\n\n\n\n<p>Caf\u00e9 del Teatro<br>18 horas: Exhibici\u00f3n de Tango (danza)<\/p>\n\n\n\n<p>Plaza 19 de abril<br>18.30 horas: Muestra de tango (danza)<br>19 horas: Valeria Lima<\/p>\n\n\n\n<p>Teatro Escayola<br>20 horas: Sexteto Hagopian &#8211; La Mufa Tango<\/p>\n\n\n\n<p>Cabesas Bier<br>22 horas: Milonga<\/p>\n\n\n\n<p><em><strong>S\u00e1bado 14<\/strong><\/em><\/p>\n\n\n\n<p>Teatro Escayola<br>11 horas: Visita guiada Carlos Gardel<br>16 horas: Documental CICLO LA RUTA DE GARDEL Si supiera<\/p>\n\n\n\n<p>Plaza 19 de abril<br>18.30 horas: Muestra de tango (danza)<br>19 horas: Quinteto N\u00e9stor Vaz<\/p>\n\n\n\n<p>Teatro Escayola<br>20 horas: Gabriela Morgare &amp; Mayra Hern\u00e1ndez<br>Orquesta Fern\u00e1ndez Fierro<\/p>\n\n\n\n<p>Hotel Carlos Gardel<br>22 horas: Milonga<\/p>\n\n\n\n<p><em>Domingo 15<\/em><\/p>\n\n\n\n<p>Teatro Escayola<br>16 horas: Documental CICLO LA RUTA DE GARDEL Rosas de Oto\u00f1o<\/p>\n\n\n\n<p>Plaza 19 de abril<br>18.30 horas: Muestra de tango (danza)<br>19 horas: Juana y los heladeros del tango<\/p>\n\n\n\n<p>Teatro Escayola<br>20 horas: Cuarteto Farolini Craciun<\/p>\n\n\n\n<figure class=\"wp-block-image size-large\"><img loading=\"lazy\" decoding=\"async\" width=\"800\" height=\"420\" src=\"https:\/\/tacuarembo.gub.uy\/wp-content\/uploads\/IMG-20241102-WA0004-800x420.jpg\" alt=\"\" class=\"wp-image-28178\"\/><\/figure>\n","protected":false},"excerpt":{"rendered":"<p>La subsecretaria de Educaci\u00f3n y Cultura, Ana Ribeiro, invit\u00f3 a participar de este evento que se llevar\u00e1 a cabo del 11 al 15 de diciembre en la ciudad de Tacuaremb\u00f3<\/p>\n","protected":false},"author":3,"featured_media":28178,"comment_status":"open","ping_status":"open","sticky":false,"template":"","format":"standard","meta":{"_eb_attr":"","footnotes":""},"categories":[16],"tags":[],"class_list":{"0":"post-28177","1":"post","2":"type-post","3":"status-publish","4":"format-standard","5":"has-post-thumbnail","7":"category-noticias"},"_links":{"self":[{"href":"https:\/\/tacuarembo.gub.uy\/index.php?rest_route=\/wp\/v2\/posts\/28177","targetHints":{"allow":["GET"]}}],"collection":[{"href":"https:\/\/tacuarembo.gub.uy\/index.php?rest_route=\/wp\/v2\/posts"}],"about":[{"href":"https:\/\/tacuarembo.gub.uy\/index.php?rest_route=\/wp\/v2\/types\/post"}],"author":[{"embeddable":true,"href":"https:\/\/tacuarembo.gub.uy\/index.php?rest_route=\/wp\/v2\/users\/3"}],"replies":[{"embeddable":true,"href":"https:\/\/tacuarembo.gub.uy\/index.php?rest_route=%2Fwp%2Fv2%2Fcomments&post=28177"}],"version-history":[{"count":3,"href":"https:\/\/tacuarembo.gub.uy\/index.php?rest_route=\/wp\/v2\/posts\/28177\/revisions"}],"predecessor-version":[{"id":28181,"href":"https:\/\/tacuarembo.gub.uy\/index.php?rest_route=\/wp\/v2\/posts\/28177\/revisions\/28181"}],"wp:featuredmedia":[{"embeddable":true,"href":"https:\/\/tacuarembo.gub.uy\/index.php?rest_route=\/wp\/v2\/media\/28178"}],"wp:attachment":[{"href":"https:\/\/tacuarembo.gub.uy\/index.php?rest_route=%2Fwp%2Fv2%2Fmedia&parent=28177"}],"wp:term":[{"taxonomy":"category","embeddable":true,"href":"https:\/\/tacuarembo.gub.uy\/index.php?rest_route=%2Fwp%2Fv2%2Fcategories&post=28177"},{"taxonomy":"post_tag","embeddable":true,"href":"https:\/\/tacuarembo.gub.uy\/index.php?rest_route=%2Fwp%2Fv2%2Ftags&post=28177"}],"curies":[{"name":"wp","href":"https:\/\/api.w.org\/{rel}","templated":true}]}}