{"id":2788,"date":"2019-04-20T00:55:11","date_gmt":"2019-04-20T00:55:11","guid":{"rendered":"https:\/\/tacuarembo.gub.uy\/?p=2788"},"modified":"2019-04-20T00:55:11","modified_gmt":"2019-04-20T00:55:11","slug":"una-tarde-para-la-familia","status":"publish","type":"post","link":"https:\/\/tacuarembo.gub.uy\/?p=2788","title":{"rendered":"Una tarde para la familia"},"content":{"rendered":"\n<p>Miles de personas asistieron al Turistac en Valle Ed\u00e9n colmando la explanada del Museo Carlos Gardel, muchos llegaron en Tren otros en Bus m\u00e1s todos quienes fueron por sus propios medios superando ampliamente las expectativas previas. La demanda super\u00f3 la capacidad de asientos y mucha gente en Tb\u00f3 y Tambores no pudo viajar, esperamos sepan comprender la situaci\u00f3n, la IDT con sus Omnibus hasta que hubo gente los trajo hacia la ciudad y les recordamos que ma\u00f1ana contin\u00faa el espect\u00e1culo de 15 a 18 hs con los mismos servicios y los esperamos par disfrutar otra tarde inolvidable con la familia y destacados artistas.<\/p>\n\n\n<p><img loading=\"lazy\" decoding=\"async\" width=\"800\" height=\"420\" class=\"alignnone size-large wp-image-2789\" src=\"https:\/\/tacuarembo.gub.uy\/wp-content\/uploads\/A9FDDA5E-3B15-4AA2-A8D1-6890BB2BDF0E-800x420.jpeg\" alt=\"\"> <img loading=\"lazy\" decoding=\"async\" width=\"800\" height=\"420\" class=\"alignnone size-large wp-image-2790\" src=\"https:\/\/tacuarembo.gub.uy\/wp-content\/uploads\/00511707-5FF3-4050-8D46-68ED266F37E4-800x420.jpeg\" alt=\"\"> <img loading=\"lazy\" decoding=\"async\" width=\"800\" height=\"420\" class=\"alignnone size-large wp-image-2791\" src=\"https:\/\/tacuarembo.gub.uy\/wp-content\/uploads\/592EE153-94DF-4ED6-A277-2BFEE8A932C5-800x420.jpeg\" alt=\"\"> <img loading=\"lazy\" decoding=\"async\" width=\"800\" height=\"420\" class=\"alignnone size-large wp-image-2792\" src=\"https:\/\/tacuarembo.gub.uy\/wp-content\/uploads\/C802BA8A-C8B8-445C-9E96-751ED0FC6D20-800x420.jpeg\" alt=\"\"> <img loading=\"lazy\" decoding=\"async\" width=\"800\" height=\"420\" class=\"alignnone size-large wp-image-2793\" src=\"https:\/\/tacuarembo.gub.uy\/wp-content\/uploads\/642ED60A-DD9D-4C48-849D-646BD1E454B3-800x420.jpeg\" alt=\"\"> <img loading=\"lazy\" decoding=\"async\" width=\"800\" height=\"420\" class=\"alignnone size-large wp-image-2794\" src=\"https:\/\/tacuarembo.gub.uy\/wp-content\/uploads\/F21A8C08-7BBC-42FF-9EC3-05538EF76389-800x420.jpeg\" alt=\"\"> <img loading=\"lazy\" decoding=\"async\" width=\"800\" height=\"420\" class=\"alignnone size-large wp-image-2795\" src=\"https:\/\/tacuarembo.gub.uy\/wp-content\/uploads\/1003AB0D-2006-437E-AEE8-CB8BD15CE243-800x420.jpeg\" alt=\"\"><\/p>","protected":false},"excerpt":{"rendered":"<p>Miles de personas asistieron al Turistac en Valle Ed\u00e9n colmando la explanada del Museo Carlos Gardel, muchos llegaron en Tren otros en Bus m\u00e1s todos quienes fueron por sus propios medios superando ampliamente las expectativas previas<\/p>\n","protected":false},"author":3,"featured_media":2792,"comment_status":"open","ping_status":"open","sticky":false,"template":"","format":"standard","meta":{"_eb_attr":"","footnotes":""},"categories":[16],"tags":[],"class_list":{"0":"post-2788","1":"post","2":"type-post","3":"status-publish","4":"format-standard","5":"has-post-thumbnail","7":"category-noticias"},"_links":{"self":[{"href":"https:\/\/tacuarembo.gub.uy\/index.php?rest_route=\/wp\/v2\/posts\/2788","targetHints":{"allow":["GET"]}}],"collection":[{"href":"https:\/\/tacuarembo.gub.uy\/index.php?rest_route=\/wp\/v2\/posts"}],"about":[{"href":"https:\/\/tacuarembo.gub.uy\/index.php?rest_route=\/wp\/v2\/types\/post"}],"author":[{"embeddable":true,"href":"https:\/\/tacuarembo.gub.uy\/index.php?rest_route=\/wp\/v2\/users\/3"}],"replies":[{"embeddable":true,"href":"https:\/\/tacuarembo.gub.uy\/index.php?rest_route=%2Fwp%2Fv2%2Fcomments&post=2788"}],"version-history":[{"count":1,"href":"https:\/\/tacuarembo.gub.uy\/index.php?rest_route=\/wp\/v2\/posts\/2788\/revisions"}],"predecessor-version":[{"id":2796,"href":"https:\/\/tacuarembo.gub.uy\/index.php?rest_route=\/wp\/v2\/posts\/2788\/revisions\/2796"}],"wp:featuredmedia":[{"embeddable":true,"href":"https:\/\/tacuarembo.gub.uy\/index.php?rest_route=\/wp\/v2\/media\/2792"}],"wp:attachment":[{"href":"https:\/\/tacuarembo.gub.uy\/index.php?rest_route=%2Fwp%2Fv2%2Fmedia&parent=2788"}],"wp:term":[{"taxonomy":"category","embeddable":true,"href":"https:\/\/tacuarembo.gub.uy\/index.php?rest_route=%2Fwp%2Fv2%2Fcategories&post=2788"},{"taxonomy":"post_tag","embeddable":true,"href":"https:\/\/tacuarembo.gub.uy\/index.php?rest_route=%2Fwp%2Fv2%2Ftags&post=2788"}],"curies":[{"name":"wp","href":"https:\/\/api.w.org\/{rel}","templated":true}]}}