{"id":2764,"date":"2019-04-12T22:29:19","date_gmt":"2019-04-12T22:29:19","guid":{"rendered":"https:\/\/tacuarembo.gub.uy\/?p=2764"},"modified":"2019-04-12T22:29:19","modified_gmt":"2019-04-12T22:29:19","slug":"programa-para-el-lunes-22-de-abril","status":"publish","type":"post","link":"https:\/\/tacuarembo.gub.uy\/?p=2764","title":{"rendered":"Programa para el lunes 22 de abril"},"content":{"rendered":"\n<p><strong>LUNES 22 DE ABRIL <\/strong><\/p>\n\n\n\n<p><strong>Comisi\u00f3n\nPatri\u00f3tica de Tacuaremb\u00f3. 1825 \u2013 19 de Abril \u2013 2019<\/strong><\/p>\n\n\n\n<p><strong>Desembarco de los\nTreinta y Tres Orientales<\/strong>.<\/p>\n\n\n\n<p><strong>Salida del sol:<\/strong> hora 7:02 plaza 19 de abril.<br>Izamiento de pabellones patrios con honores a cargo de la jefatura de policia.<\/p>\n\n\n\n<p><strong>HORA 10:30:<\/strong> concentraci\u00f3n c\u00edvico militar de abanderados y escoltas de instituciones y organismos p\u00fablicos y privados, ense\u00f1anza,  clubes  de  servicio en  plaza 19 de abril. <\/p>\n\n\n\n<p><strong>Himno nacional:<\/strong> ejecutado por la orquesta de la Intendencia departamental de Tacuaremb\u00f3 y coreado por los presentes. <\/p>\n\n\n\n<p><strong>Oratoria:<\/strong> mensaje alusivo a la fecha a cargo la alumna de 4to. A\u00f1o del instituto de formaci\u00f3n docente de Tacuaremb\u00f3, Belice Castelli Larregui.<br><strong>Ofrendas florales:<\/strong> comisi\u00f3n patri\u00f3tica seguido de toque de silencio por parte del trompa del regimiento \u201cmisiones\u201d de caballeria blindado nro. 5<br><strong>Marcha mi bandera<\/strong>: ejecutada por la orquesta de la intendencia departamental de Tacuaremb\u00f3, y retiro de delegaciones de abanderados y escoltas.<br><strong>Entrada del sol: <\/strong>hora 18:27 arriar pabellones patrios con honores por parte de la jefatura de policia.<\/p>\n\n\n\n<p>La comisi\u00f3n patri\u00f3tica de Tacuaremb\u00f3 invita a la poblaci\u00f3n a prestigiar los actos con su presencia, y al embanderamiento de la ciudad.<\/p>\n","protected":false},"excerpt":{"rendered":"<p>LUNES 22 DE ABRIL Comisi\u00f3n Patri\u00f3tica de Tacuaremb\u00f3. 1825 \u2013 19 de Abril \u2013 2019 Desembarco de los Treinta y Tres Orientales. Salida del sol:&#8230;<\/p>\n","protected":false},"author":3,"featured_media":2765,"comment_status":"open","ping_status":"open","sticky":false,"template":"","format":"standard","meta":{"_eb_attr":"","footnotes":""},"categories":[16],"tags":[],"class_list":{"0":"post-2764","1":"post","2":"type-post","3":"status-publish","4":"format-standard","5":"has-post-thumbnail","7":"category-noticias"},"_links":{"self":[{"href":"https:\/\/tacuarembo.gub.uy\/index.php?rest_route=\/wp\/v2\/posts\/2764","targetHints":{"allow":["GET"]}}],"collection":[{"href":"https:\/\/tacuarembo.gub.uy\/index.php?rest_route=\/wp\/v2\/posts"}],"about":[{"href":"https:\/\/tacuarembo.gub.uy\/index.php?rest_route=\/wp\/v2\/types\/post"}],"author":[{"embeddable":true,"href":"https:\/\/tacuarembo.gub.uy\/index.php?rest_route=\/wp\/v2\/users\/3"}],"replies":[{"embeddable":true,"href":"https:\/\/tacuarembo.gub.uy\/index.php?rest_route=%2Fwp%2Fv2%2Fcomments&post=2764"}],"version-history":[{"count":1,"href":"https:\/\/tacuarembo.gub.uy\/index.php?rest_route=\/wp\/v2\/posts\/2764\/revisions"}],"predecessor-version":[{"id":2766,"href":"https:\/\/tacuarembo.gub.uy\/index.php?rest_route=\/wp\/v2\/posts\/2764\/revisions\/2766"}],"wp:featuredmedia":[{"embeddable":true,"href":"https:\/\/tacuarembo.gub.uy\/index.php?rest_route=\/wp\/v2\/media\/2765"}],"wp:attachment":[{"href":"https:\/\/tacuarembo.gub.uy\/index.php?rest_route=%2Fwp%2Fv2%2Fmedia&parent=2764"}],"wp:term":[{"taxonomy":"category","embeddable":true,"href":"https:\/\/tacuarembo.gub.uy\/index.php?rest_route=%2Fwp%2Fv2%2Fcategories&post=2764"},{"taxonomy":"post_tag","embeddable":true,"href":"https:\/\/tacuarembo.gub.uy\/index.php?rest_route=%2Fwp%2Fv2%2Ftags&post=2764"}],"curies":[{"name":"wp","href":"https:\/\/api.w.org\/{rel}","templated":true}]}}