{"id":2761,"date":"2019-04-12T21:37:59","date_gmt":"2019-04-12T21:37:59","guid":{"rendered":"https:\/\/tacuarembo.gub.uy\/?p=2761"},"modified":"2019-04-12T21:37:59","modified_gmt":"2019-04-12T21:37:59","slug":"idt-firmo-contrato-de-obra-publica-para-la-construccion-de-36-viviendas-en-barrio-san-gabriel","status":"publish","type":"post","link":"https:\/\/tacuarembo.gub.uy\/?p=2761","title":{"rendered":"IDT firm\u00f3 contrato de obra p\u00fablica para la construcci\u00f3n de 36 viviendas en Barrio San Gabriel"},"content":{"rendered":"\n<p>El Intendente Eber Da Rosa firm\u00f3 junto al responsable de la empresa Ciemsa, el acuerdo para edificar las 36 viviendas de 3,2 y 1 dormitorio para alojar a un grupo de vecinos del Barrio San Gabriel. Esta es una zona que viene recibiendo un respaldo de la Intendencia con la reciente inauguraci\u00f3n del Centro Social y Cultural que facilita oportunidades para todas las edades.<\/p>\n\n\n\n<iframe loading=\"lazy\" width=\"695\" height=\"391\" src=\"https:\/\/www.youtube.com\/embed\/AIHe_afB8AM\" frameborder=\"0\" allow=\"accelerometer; autoplay; encrypted-media; gyroscope; picture-in-picture\" allowfullscreen><\/iframe>\n","protected":false},"excerpt":{"rendered":"<p>El Intendente Eber Da Rosa firm\u00f3 junto al responsable de la empresa Ciemsa, el acuerdo para edificar las 36 viviendas de 3,2 y 1 dormitorio para alojar a un grupo de vecinos del Barrio San Gabriel<\/p>\n","protected":false},"author":3,"featured_media":2762,"comment_status":"open","ping_status":"open","sticky":false,"template":"","format":"standard","meta":{"_eb_attr":"","footnotes":""},"categories":[16],"tags":[],"class_list":{"0":"post-2761","1":"post","2":"type-post","3":"status-publish","4":"format-standard","5":"has-post-thumbnail","7":"category-noticias"},"_links":{"self":[{"href":"https:\/\/tacuarembo.gub.uy\/index.php?rest_route=\/wp\/v2\/posts\/2761","targetHints":{"allow":["GET"]}}],"collection":[{"href":"https:\/\/tacuarembo.gub.uy\/index.php?rest_route=\/wp\/v2\/posts"}],"about":[{"href":"https:\/\/tacuarembo.gub.uy\/index.php?rest_route=\/wp\/v2\/types\/post"}],"author":[{"embeddable":true,"href":"https:\/\/tacuarembo.gub.uy\/index.php?rest_route=\/wp\/v2\/users\/3"}],"replies":[{"embeddable":true,"href":"https:\/\/tacuarembo.gub.uy\/index.php?rest_route=%2Fwp%2Fv2%2Fcomments&post=2761"}],"version-history":[{"count":1,"href":"https:\/\/tacuarembo.gub.uy\/index.php?rest_route=\/wp\/v2\/posts\/2761\/revisions"}],"predecessor-version":[{"id":2763,"href":"https:\/\/tacuarembo.gub.uy\/index.php?rest_route=\/wp\/v2\/posts\/2761\/revisions\/2763"}],"wp:featuredmedia":[{"embeddable":true,"href":"https:\/\/tacuarembo.gub.uy\/index.php?rest_route=\/wp\/v2\/media\/2762"}],"wp:attachment":[{"href":"https:\/\/tacuarembo.gub.uy\/index.php?rest_route=%2Fwp%2Fv2%2Fmedia&parent=2761"}],"wp:term":[{"taxonomy":"category","embeddable":true,"href":"https:\/\/tacuarembo.gub.uy\/index.php?rest_route=%2Fwp%2Fv2%2Fcategories&post=2761"},{"taxonomy":"post_tag","embeddable":true,"href":"https:\/\/tacuarembo.gub.uy\/index.php?rest_route=%2Fwp%2Fv2%2Ftags&post=2761"}],"curies":[{"name":"wp","href":"https:\/\/api.w.org\/{rel}","templated":true}]}}