{"id":27521,"date":"2024-09-25T16:05:08","date_gmt":"2024-09-25T19:05:08","guid":{"rendered":"https:\/\/tacuarembo.gub.uy\/?p=27521"},"modified":"2024-09-25T16:05:41","modified_gmt":"2024-09-25T19:05:41","slug":"semana-del-corazon-23-al-27-de-setiembre","status":"publish","type":"post","link":"https:\/\/tacuarembo.gub.uy\/?p=27521","title":{"rendered":"Semana del Coraz\u00f3n: 23 al 27 de setiembre"},"content":{"rendered":"\n<p><br>La Intendencia de Tacuaremb\u00f3 comparte informaci\u00f3n recibida de la Direcci\u00f3n de Salud de Tacuaremb\u00f3, informando las actividades que se vienen realizando durante la Semana del Coraz\u00f3n:<br>-Centro de Barrio 2 ma\u00f1ana jueves 26 de 14:00 a 15:00 horas fisioterapia grupal, 16:00 horas Curso RCP\/DEA y a las 17:00 horas merienda saludable; viernes 27 a las 08:30 horas medici\u00f3n de HGT\/PA\/PESO gratuito con Escuela de Enfermer\u00eda, Mesa saludable.<br>-Centro de Barrio 1, 3, 4, 5 y 6 controles de presi\u00f3n arterial gratuitos durante toda la semana, y en este \u00faltimo el viernes 27 a la hora 10 una charla a cargo de la Dra. Virginia Gracia, adem\u00e1s de electrocardiogramas gratuitos<br>-Centro de Barrio 5, adem\u00e1s de lo antes mencionado habr\u00e1 una estaci\u00f3n saludable (mesa con frutas).<br>-Centro de Barrio 6, adem\u00e1s de lo antes mencionado el viernes 27 a la hora 10:00 se realizar\u00e1 una charla a cargo de la Dra. Andreina Firpo.<\/p>\n","protected":false},"excerpt":{"rendered":"<p>La Intendencia de Tacuaremb\u00f3 comparte informaci\u00f3n recibida de la Direcci\u00f3n de Salud de Tacuaremb\u00f3, informando las actividades que se vienen realizando durante la Semana del Coraz\u00f3n<\/p>\n","protected":false},"author":3,"featured_media":27522,"comment_status":"open","ping_status":"open","sticky":false,"template":"","format":"standard","meta":{"_eb_attr":"","footnotes":""},"categories":[38],"tags":[],"class_list":{"0":"post-27521","1":"post","2":"type-post","3":"status-publish","4":"format-standard","5":"has-post-thumbnail","7":"category-comunicados-de-prensa"},"_links":{"self":[{"href":"https:\/\/tacuarembo.gub.uy\/index.php?rest_route=\/wp\/v2\/posts\/27521","targetHints":{"allow":["GET"]}}],"collection":[{"href":"https:\/\/tacuarembo.gub.uy\/index.php?rest_route=\/wp\/v2\/posts"}],"about":[{"href":"https:\/\/tacuarembo.gub.uy\/index.php?rest_route=\/wp\/v2\/types\/post"}],"author":[{"embeddable":true,"href":"https:\/\/tacuarembo.gub.uy\/index.php?rest_route=\/wp\/v2\/users\/3"}],"replies":[{"embeddable":true,"href":"https:\/\/tacuarembo.gub.uy\/index.php?rest_route=%2Fwp%2Fv2%2Fcomments&post=27521"}],"version-history":[{"count":1,"href":"https:\/\/tacuarembo.gub.uy\/index.php?rest_route=\/wp\/v2\/posts\/27521\/revisions"}],"predecessor-version":[{"id":27523,"href":"https:\/\/tacuarembo.gub.uy\/index.php?rest_route=\/wp\/v2\/posts\/27521\/revisions\/27523"}],"wp:featuredmedia":[{"embeddable":true,"href":"https:\/\/tacuarembo.gub.uy\/index.php?rest_route=\/wp\/v2\/media\/27522"}],"wp:attachment":[{"href":"https:\/\/tacuarembo.gub.uy\/index.php?rest_route=%2Fwp%2Fv2%2Fmedia&parent=27521"}],"wp:term":[{"taxonomy":"category","embeddable":true,"href":"https:\/\/tacuarembo.gub.uy\/index.php?rest_route=%2Fwp%2Fv2%2Fcategories&post=27521"},{"taxonomy":"post_tag","embeddable":true,"href":"https:\/\/tacuarembo.gub.uy\/index.php?rest_route=%2Fwp%2Fv2%2Ftags&post=27521"}],"curies":[{"name":"wp","href":"https:\/\/api.w.org\/{rel}","templated":true}]}}