{"id":2702,"date":"2019-04-08T22:15:46","date_gmt":"2019-04-08T22:15:46","guid":{"rendered":"https:\/\/tacuarembo.gub.uy\/?p=2702"},"modified":"2019-04-08T23:27:22","modified_gmt":"2019-04-08T23:27:22","slug":"lanzamiento-turistac-2019","status":"publish","type":"post","link":"https:\/\/tacuarembo.gub.uy\/?p=2702","title":{"rendered":"Lanzamiento TURISTAC 2019"},"content":{"rendered":"\n<p>La\nIntendencia de Tacuarembo invita a Usted y su medio de comunicaci\u00f3n a una\nconferencia de prensa, que se realizar\u00e1 este mi\u00e9rcoles 10 a la hora 10 y 30 en\nla Sala de Sesiones, a los efectos de lanzar el Turistac 2019 que se realizar\u00e1\nen Valle Ed\u00e9n el 19 y 20 de abril. Se contar\u00e1 con la presencia del Intendente\nDepartamental Eber Da Rosa y del Presidente de AFE Wilfredo Rodriguez y el\nVice-Presidente Dr. Luis Rivero.<\/p>\n\n\n\n<iframe loading=\"lazy\" width=\"695\" height=\"391\" src=\"https:\/\/www.youtube.com\/embed\/KOYqdaShi80\" frameborder=\"0\" allow=\"accelerometer; autoplay; encrypted-media; gyroscope; picture-in-picture\" allowfullscreen><\/iframe>\n","protected":false},"excerpt":{"rendered":"<p>La Intendencia de Tacuarembo invita a Usted y su medio de comunicaci\u00f3n a una conferencia de prensa, que se realizar\u00e1 este mi\u00e9rcoles 10 a la hora 10 y 30 en la Sala de Sesiones, a los efectos de lanzar el Turistac 2019 que se realizar\u00e1 en Valle Ed\u00e9n el 19 y 20 de abril.<\/p>\n","protected":false},"author":3,"featured_media":2703,"comment_status":"open","ping_status":"open","sticky":false,"template":"","format":"standard","meta":{"_eb_attr":"","footnotes":""},"categories":[16],"tags":[],"class_list":{"0":"post-2702","1":"post","2":"type-post","3":"status-publish","4":"format-standard","5":"has-post-thumbnail","7":"category-noticias"},"_links":{"self":[{"href":"https:\/\/tacuarembo.gub.uy\/index.php?rest_route=\/wp\/v2\/posts\/2702","targetHints":{"allow":["GET"]}}],"collection":[{"href":"https:\/\/tacuarembo.gub.uy\/index.php?rest_route=\/wp\/v2\/posts"}],"about":[{"href":"https:\/\/tacuarembo.gub.uy\/index.php?rest_route=\/wp\/v2\/types\/post"}],"author":[{"embeddable":true,"href":"https:\/\/tacuarembo.gub.uy\/index.php?rest_route=\/wp\/v2\/users\/3"}],"replies":[{"embeddable":true,"href":"https:\/\/tacuarembo.gub.uy\/index.php?rest_route=%2Fwp%2Fv2%2Fcomments&post=2702"}],"version-history":[{"count":2,"href":"https:\/\/tacuarembo.gub.uy\/index.php?rest_route=\/wp\/v2\/posts\/2702\/revisions"}],"predecessor-version":[{"id":2705,"href":"https:\/\/tacuarembo.gub.uy\/index.php?rest_route=\/wp\/v2\/posts\/2702\/revisions\/2705"}],"wp:featuredmedia":[{"embeddable":true,"href":"https:\/\/tacuarembo.gub.uy\/index.php?rest_route=\/wp\/v2\/media\/2703"}],"wp:attachment":[{"href":"https:\/\/tacuarembo.gub.uy\/index.php?rest_route=%2Fwp%2Fv2%2Fmedia&parent=2702"}],"wp:term":[{"taxonomy":"category","embeddable":true,"href":"https:\/\/tacuarembo.gub.uy\/index.php?rest_route=%2Fwp%2Fv2%2Fcategories&post=2702"},{"taxonomy":"post_tag","embeddable":true,"href":"https:\/\/tacuarembo.gub.uy\/index.php?rest_route=%2Fwp%2Fv2%2Ftags&post=2702"}],"curies":[{"name":"wp","href":"https:\/\/api.w.org\/{rel}","templated":true}]}}