{"id":2686,"date":"2019-04-05T22:36:33","date_gmt":"2019-04-05T22:36:33","guid":{"rendered":"https:\/\/tacuarembo.gub.uy\/?p=2686"},"modified":"2019-04-05T22:36:33","modified_gmt":"2019-04-05T22:36:33","slug":"cambios-en-semaforo-de-dr-catalina-y-gral-flores","status":"publish","type":"post","link":"https:\/\/tacuarembo.gub.uy\/?p=2686","title":{"rendered":"Cambios en sem\u00e1foro de Dr. Catalina y Gral. Flores"},"content":{"rendered":"\n<p>La Dir. Gral. de Tr\u00e1nsito y Transporte recuerda especialmente a los conductores de veh\u00edculos y peatones, que, en los pr\u00f3ximos d\u00edas se estar\u00e1 trabajando en el sem\u00e1foro de calles Dr. Catalina y Gral. Flores, adecuando el funcionamiento al cambiar la tecnolog\u00eda lo que llevar\u00e1 a brindar un mejor servicio.\u00a0 Por otra parte se comenzaron los trabajos para la instalaci\u00f3n de un nuevo sem\u00e1foro en el cruce de calles 18 de Julio y Castagnetto.<\/p>\n","protected":false},"excerpt":{"rendered":"<p>La Dir. Gral. de Tr\u00e1nsito y Transporte recuerda especialmente a los conductores de veh\u00edculos y peatones, que, en los pr\u00f3ximos d\u00edas se estar\u00e1 trabajando en el sem\u00e1foro de calles Dr. Catalina y Gral. Flores, adecuando el funcionamiento al cambiar la tecnolog\u00eda lo que llevar\u00e1 a brindar un mejor servicio.<\/p>\n","protected":false},"author":3,"featured_media":2687,"comment_status":"open","ping_status":"open","sticky":false,"template":"","format":"standard","meta":{"_eb_attr":"","footnotes":""},"categories":[16],"tags":[],"class_list":{"0":"post-2686","1":"post","2":"type-post","3":"status-publish","4":"format-standard","5":"has-post-thumbnail","7":"category-noticias"},"_links":{"self":[{"href":"https:\/\/tacuarembo.gub.uy\/index.php?rest_route=\/wp\/v2\/posts\/2686","targetHints":{"allow":["GET"]}}],"collection":[{"href":"https:\/\/tacuarembo.gub.uy\/index.php?rest_route=\/wp\/v2\/posts"}],"about":[{"href":"https:\/\/tacuarembo.gub.uy\/index.php?rest_route=\/wp\/v2\/types\/post"}],"author":[{"embeddable":true,"href":"https:\/\/tacuarembo.gub.uy\/index.php?rest_route=\/wp\/v2\/users\/3"}],"replies":[{"embeddable":true,"href":"https:\/\/tacuarembo.gub.uy\/index.php?rest_route=%2Fwp%2Fv2%2Fcomments&post=2686"}],"version-history":[{"count":1,"href":"https:\/\/tacuarembo.gub.uy\/index.php?rest_route=\/wp\/v2\/posts\/2686\/revisions"}],"predecessor-version":[{"id":2688,"href":"https:\/\/tacuarembo.gub.uy\/index.php?rest_route=\/wp\/v2\/posts\/2686\/revisions\/2688"}],"wp:featuredmedia":[{"embeddable":true,"href":"https:\/\/tacuarembo.gub.uy\/index.php?rest_route=\/wp\/v2\/media\/2687"}],"wp:attachment":[{"href":"https:\/\/tacuarembo.gub.uy\/index.php?rest_route=%2Fwp%2Fv2%2Fmedia&parent=2686"}],"wp:term":[{"taxonomy":"category","embeddable":true,"href":"https:\/\/tacuarembo.gub.uy\/index.php?rest_route=%2Fwp%2Fv2%2Fcategories&post=2686"},{"taxonomy":"post_tag","embeddable":true,"href":"https:\/\/tacuarembo.gub.uy\/index.php?rest_route=%2Fwp%2Fv2%2Ftags&post=2686"}],"curies":[{"name":"wp","href":"https:\/\/api.w.org\/{rel}","templated":true}]}}