{"id":26636,"date":"2024-07-25T16:46:00","date_gmt":"2024-07-25T19:46:00","guid":{"rendered":"https:\/\/tacuarembo.gub.uy\/?p=26636"},"modified":"2024-07-25T16:48:18","modified_gmt":"2024-07-25T19:48:18","slug":"san-gregorio-inauguracion-plan-de-viviendas-mevir","status":"publish","type":"post","link":"https:\/\/tacuarembo.gub.uy\/?p=26636","title":{"rendered":"San Gregorio, inauguraci\u00f3n Plan de viviendas Mevir"},"content":{"rendered":"\n<p id=\"block-6212395d-b380-46a5-8d09-6913eebc29a5\">La Intendencia de Tacuaremb\u00f3 comparte invitaci\u00f3n recibida de Mevir, referente a la inauguraci\u00f3n de 47 soluciones habitacionales sustentables de madera ubicadas en San Gregorio de Polanco. El acto se llevar\u00e1 a cabo ma\u00f1ana viernes 26 de julio a las 14:00 horas en la calle Charr\u00faas, Plazoleta de Mevir2 de San Gregorio de Polanco. El mismo contar\u00e1 con la presencia del Presidente de la Rep\u00fablica Dr. Luis Lacalle Pou, el Ministro de Vivienda Ra\u00fal Lozano Bonet, el Intendente de Tacuaremb\u00f3 Wilson Ezquerra, el Alcalde de San Gregorio Asdr\u00fabal Rodr\u00edguez y el Presidente de Mevir Arq. Juan Pablo Delgado.<\/p>\n","protected":false},"excerpt":{"rendered":"<p>La Intendencia de Tacuaremb\u00f3 comparte invitaci\u00f3n recibida de Mevir, referente a la inauguraci\u00f3n de 47 soluciones habitacionales sustentables de madera ubicadas en San Gregorio de Polanco<\/p>\n","protected":false},"author":3,"featured_media":26637,"comment_status":"open","ping_status":"open","sticky":false,"template":"","format":"standard","meta":{"_eb_attr":"","footnotes":""},"categories":[38],"tags":[],"class_list":{"0":"post-26636","1":"post","2":"type-post","3":"status-publish","4":"format-standard","5":"has-post-thumbnail","7":"category-comunicados-de-prensa"},"_links":{"self":[{"href":"https:\/\/tacuarembo.gub.uy\/index.php?rest_route=\/wp\/v2\/posts\/26636","targetHints":{"allow":["GET"]}}],"collection":[{"href":"https:\/\/tacuarembo.gub.uy\/index.php?rest_route=\/wp\/v2\/posts"}],"about":[{"href":"https:\/\/tacuarembo.gub.uy\/index.php?rest_route=\/wp\/v2\/types\/post"}],"author":[{"embeddable":true,"href":"https:\/\/tacuarembo.gub.uy\/index.php?rest_route=\/wp\/v2\/users\/3"}],"replies":[{"embeddable":true,"href":"https:\/\/tacuarembo.gub.uy\/index.php?rest_route=%2Fwp%2Fv2%2Fcomments&post=26636"}],"version-history":[{"count":1,"href":"https:\/\/tacuarembo.gub.uy\/index.php?rest_route=\/wp\/v2\/posts\/26636\/revisions"}],"predecessor-version":[{"id":26638,"href":"https:\/\/tacuarembo.gub.uy\/index.php?rest_route=\/wp\/v2\/posts\/26636\/revisions\/26638"}],"wp:featuredmedia":[{"embeddable":true,"href":"https:\/\/tacuarembo.gub.uy\/index.php?rest_route=\/wp\/v2\/media\/26637"}],"wp:attachment":[{"href":"https:\/\/tacuarembo.gub.uy\/index.php?rest_route=%2Fwp%2Fv2%2Fmedia&parent=26636"}],"wp:term":[{"taxonomy":"category","embeddable":true,"href":"https:\/\/tacuarembo.gub.uy\/index.php?rest_route=%2Fwp%2Fv2%2Fcategories&post=26636"},{"taxonomy":"post_tag","embeddable":true,"href":"https:\/\/tacuarembo.gub.uy\/index.php?rest_route=%2Fwp%2Fv2%2Ftags&post=26636"}],"curies":[{"name":"wp","href":"https:\/\/api.w.org\/{rel}","templated":true}]}}