{"id":26513,"date":"2024-07-17T17:58:28","date_gmt":"2024-07-17T20:58:28","guid":{"rendered":"https:\/\/tacuarembo.gub.uy\/?p=26513"},"modified":"2024-07-17T19:08:56","modified_gmt":"2024-07-17T22:08:56","slug":"colegio-norlands-inicio-campana-de-recoleccion-de-botellas-que-se-utilizaran-para-la-navidad-magica-2024","status":"publish","type":"post","link":"https:\/\/tacuarembo.gub.uy\/?p=26513","title":{"rendered":"Colegio Northlands se sum\u00f3 a la campa\u00f1a de recolecci\u00f3n de botellas que se utilizar\u00e1n para la Navidad M\u00e1gica 2024"},"content":{"rendered":"\n<p>Esta iniciativa, que busca fomentar el reciclaje y la participaci\u00f3n de la comunidad, invita no solo a las instituciones educativas, sino tambi\u00e9n a los vecinos de la ciudad a unirse al proyecto.<\/p>\n\n\n\n<p>Para facilitar la recolecci\u00f3n, se instalaron botelleros en la Plaza 19 de Abril y en los Centros de Barrio, donde los ciudadanos pueden depositar sus botellas de pl\u00e1stico. Todos los elementos recolectados ser\u00e1n destinados a la confecci\u00f3n de los adornos navide\u00f1os, en un esfuerzo que combina arte y reciclaje.<\/p>\n\n\n\n<p>Durante esta jornada, los alumnos del Colegio Northlands visitaron el taller donde se reciben y elaboran los adornos. La artista Marianella de Barros, encargada del proyecto con el apoyo de la Intendencia de Tacuaremb\u00f3, coment\u00f3: \u201cCada botella recibida se ver\u00e1 reflejada en la Navidad M\u00e1gica 2024. El reciclaje es el futuro del mundo\u201d.<\/p>\n\n\n\n<p>Sobre el proceso de transformaci\u00f3n explic\u00f3 que las botellas se recogen de los botelleros, se limpian y se les quitan los r\u00f3tulos antes de comenzar la construcci\u00f3n de las figuras decorativas: \u201cEmpezamos hace unos meses y ya tenemos varios materiales listos que contar\u00e1n con mucho brillo\u201d, a\u00f1adi\u00f3. Adem\u00e1s, destac\u00f3 la colaboraci\u00f3n del personal de los Jornales Solidarios, quienes tambi\u00e9n est\u00e1n aprendiendo el oficio y contribuyendo al proyecto.<\/p>\n\n\n\n<p>La campa\u00f1a requiere la colaboraci\u00f3n para reunir la cantidad necesaria de botellas. Para ello, se realizar\u00e1n recorridos incentivando a los ciudadanos a participar y a visitar el taller: \u201cLos botelleros est\u00e1n ubicados en los Centros de Barrio y la Plaza 19 de Abril\u201d, record\u00f3 de Barros.<\/p>\n\n\n\n<p>Por su parte, el director general Ambiente, Jorge Castelli, subray\u00f3 la importancia del trabajo en econom\u00eda circular que est\u00e1 llevando a cabo la IDT, destacando los esfuerzos por mantener un Tacuaremb\u00f3 m\u00e1s limpio y hermoso. Tambi\u00e9n elogi\u00f3 el uso adecuado de las volquetas verdes por parte de la poblaci\u00f3n, contribuyendo as\u00ed a un entorno m\u00e1s sustentable.<\/p>\n\n\n\n<div class=\"wp-block-image-gallery-block-image-gallery-block\"><div class=\"eb-parent-wrapper eb-parent-eb-image-gallery-zcfup \"><div class=\"eb-gallery-img-wrapper eb-image-gallery-zcfup grid overlay-bottom caption-style-0   no-isotope \" data-id=\"eb-image-gallery-zcfup\"><a href=\"https:\/\/tacuarembo.gub.uy\/wp-content\/uploads\/1000109495.jpg\" rel=\"noopener\" data-fslightbox=\"gallery\" data-type=\"image\" class=\"eb-gallery-img-content eb-filter-img-\"><span class=\"eb-gallery-link-wrapper\"><img decoding=\"async\" class=\"eb-gallery-img\" src=\"https:\/\/tacuarembo.gub.uy\/wp-content\/uploads\/1000109495.jpg\" image-index=\"0\" alt=\"\"\/><\/span><\/a><a href=\"https:\/\/tacuarembo.gub.uy\/wp-content\/uploads\/1000109494.jpg\" rel=\"noopener\" data-fslightbox=\"gallery\" data-type=\"image\" class=\"eb-gallery-img-content eb-filter-img-\"><span class=\"eb-gallery-link-wrapper\"><img decoding=\"async\" class=\"eb-gallery-img\" src=\"https:\/\/tacuarembo.gub.uy\/wp-content\/uploads\/1000109494.jpg\" image-index=\"1\" alt=\"\"\/><\/span><\/a><a href=\"https:\/\/tacuarembo.gub.uy\/wp-content\/uploads\/1000109493.jpg\" rel=\"noopener\" data-fslightbox=\"gallery\" data-type=\"image\" class=\"eb-gallery-img-content eb-filter-img-\"><span class=\"eb-gallery-link-wrapper\"><img decoding=\"async\" class=\"eb-gallery-img\" src=\"https:\/\/tacuarembo.gub.uy\/wp-content\/uploads\/1000109493.jpg\" image-index=\"2\" alt=\"\"\/><\/span><\/a><a href=\"https:\/\/tacuarembo.gub.uy\/wp-content\/uploads\/1000109490.jpg\" rel=\"noopener\" data-fslightbox=\"gallery\" data-type=\"image\" class=\"eb-gallery-img-content eb-filter-img-\"><span class=\"eb-gallery-link-wrapper\"><img decoding=\"async\" class=\"eb-gallery-img\" src=\"https:\/\/tacuarembo.gub.uy\/wp-content\/uploads\/1000109490.jpg\" image-index=\"3\" alt=\"\"\/><\/span><\/a><a href=\"https:\/\/tacuarembo.gub.uy\/wp-content\/uploads\/1000109491.jpg\" rel=\"noopener\" data-fslightbox=\"gallery\" data-type=\"image\" class=\"eb-gallery-img-content eb-filter-img-\"><span class=\"eb-gallery-link-wrapper\"><img decoding=\"async\" class=\"eb-gallery-img\" src=\"https:\/\/tacuarembo.gub.uy\/wp-content\/uploads\/1000109491.jpg\" image-index=\"4\" alt=\"\"\/><\/span><\/a><a href=\"https:\/\/tacuarembo.gub.uy\/wp-content\/uploads\/1000109492.jpg\" rel=\"noopener\" data-fslightbox=\"gallery\" data-type=\"image\" class=\"eb-gallery-img-content eb-filter-img-\"><span class=\"eb-gallery-link-wrapper\"><img decoding=\"async\" class=\"eb-gallery-img\" src=\"https:\/\/tacuarembo.gub.uy\/wp-content\/uploads\/1000109492.jpg\" image-index=\"5\" alt=\"\"\/><\/span><\/a><a href=\"https:\/\/tacuarembo.gub.uy\/wp-content\/uploads\/1000109489.jpg\" rel=\"noopener\" data-fslightbox=\"gallery\" data-type=\"image\" class=\"eb-gallery-img-content eb-filter-img-\"><span class=\"eb-gallery-link-wrapper\"><img decoding=\"async\" class=\"eb-gallery-img\" src=\"https:\/\/tacuarembo.gub.uy\/wp-content\/uploads\/1000109489.jpg\" image-index=\"6\" alt=\"\"\/><\/span><\/a><a href=\"https:\/\/tacuarembo.gub.uy\/wp-content\/uploads\/1000109488.jpg\" rel=\"noopener\" data-fslightbox=\"gallery\" data-type=\"image\" class=\"eb-gallery-img-content eb-filter-img-\"><span class=\"eb-gallery-link-wrapper\"><img decoding=\"async\" class=\"eb-gallery-img\" src=\"https:\/\/tacuarembo.gub.uy\/wp-content\/uploads\/1000109488.jpg\" image-index=\"7\" alt=\"\"\/><\/span><\/a><a href=\"https:\/\/tacuarembo.gub.uy\/wp-content\/uploads\/1000109487.jpg\" rel=\"noopener\" data-fslightbox=\"gallery\" data-type=\"image\" class=\"eb-gallery-img-content eb-filter-img-\"><span class=\"eb-gallery-link-wrapper\"><img decoding=\"async\" class=\"eb-gallery-img\" src=\"https:\/\/tacuarembo.gub.uy\/wp-content\/uploads\/1000109487.jpg\" image-index=\"8\" alt=\"\"\/><\/span><\/a><\/div><\/div><\/div>\n","protected":false},"excerpt":{"rendered":"<p>Esta iniciativa, que busca fomentar el reciclaje y la participaci\u00f3n de la comunidad, invita no solo a las instituciones educativas, sino tambi\u00e9n a los vecinos de la ciudad a unirse al proyecto<\/p>\n","protected":false},"author":3,"featured_media":26517,"comment_status":"open","ping_status":"open","sticky":false,"template":"","format":"standard","meta":{"_eb_attr":"","footnotes":""},"categories":[16],"tags":[],"class_list":{"0":"post-26513","1":"post","2":"type-post","3":"status-publish","4":"format-standard","5":"has-post-thumbnail","7":"category-noticias"},"_links":{"self":[{"href":"https:\/\/tacuarembo.gub.uy\/index.php?rest_route=\/wp\/v2\/posts\/26513","targetHints":{"allow":["GET"]}}],"collection":[{"href":"https:\/\/tacuarembo.gub.uy\/index.php?rest_route=\/wp\/v2\/posts"}],"about":[{"href":"https:\/\/tacuarembo.gub.uy\/index.php?rest_route=\/wp\/v2\/types\/post"}],"author":[{"embeddable":true,"href":"https:\/\/tacuarembo.gub.uy\/index.php?rest_route=\/wp\/v2\/users\/3"}],"replies":[{"embeddable":true,"href":"https:\/\/tacuarembo.gub.uy\/index.php?rest_route=%2Fwp%2Fv2%2Fcomments&post=26513"}],"version-history":[{"count":3,"href":"https:\/\/tacuarembo.gub.uy\/index.php?rest_route=\/wp\/v2\/posts\/26513\/revisions"}],"predecessor-version":[{"id":26527,"href":"https:\/\/tacuarembo.gub.uy\/index.php?rest_route=\/wp\/v2\/posts\/26513\/revisions\/26527"}],"wp:featuredmedia":[{"embeddable":true,"href":"https:\/\/tacuarembo.gub.uy\/index.php?rest_route=\/wp\/v2\/media\/26517"}],"wp:attachment":[{"href":"https:\/\/tacuarembo.gub.uy\/index.php?rest_route=%2Fwp%2Fv2%2Fmedia&parent=26513"}],"wp:term":[{"taxonomy":"category","embeddable":true,"href":"https:\/\/tacuarembo.gub.uy\/index.php?rest_route=%2Fwp%2Fv2%2Fcategories&post=26513"},{"taxonomy":"post_tag","embeddable":true,"href":"https:\/\/tacuarembo.gub.uy\/index.php?rest_route=%2Fwp%2Fv2%2Ftags&post=26513"}],"curies":[{"name":"wp","href":"https:\/\/api.w.org\/{rel}","templated":true}]}}