{"id":26507,"date":"2024-07-17T17:55:43","date_gmt":"2024-07-17T20:55:43","guid":{"rendered":"https:\/\/tacuarembo.gub.uy\/?p=26507"},"modified":"2024-07-17T17:55:46","modified_gmt":"2024-07-17T20:55:46","slug":"se-inaugura-la-nueva-red-luminica-del-estadio-goyenola-con-la-final-de-la-supercopa-de-tacuarembo-el-publico-tendra-acceso-libre","status":"publish","type":"post","link":"https:\/\/tacuarembo.gub.uy\/?p=26507","title":{"rendered":"Se inaugura la nueva red lum\u00ednica del Estadio Goyenola con la final de la supercopa de Tacuaremb\u00f3, el p\u00fablico tendr\u00e1 acceso libre"},"content":{"rendered":"\n<p>Este jueves 18 de julio, a las 19 horas, se llevar\u00e1 a cabo la inauguraci\u00f3n de la nueva red lum\u00ednica del Estadio Ra\u00fal Goyenola de Tacuaremb\u00f3. La ceremonia coincidir\u00e1 con la final de la Supercopa de Tacuaremb\u00f3 2023, donde se enfrentar\u00e1n Estudiantes, campe\u00f3n de la Divisional A, y La Sexta, campe\u00f3n de la Divisional B.<\/p>\n\n\n\n<p>El partido se jugar\u00e1 inmediatamente despu\u00e9s de la presentaci\u00f3n de las luminarias. En caso de que no haya un ganador en los 90 minutos reglamentarios, el campe\u00f3n se definir\u00e1 mediante una tanda de penales.<\/p>\n\n\n\n<p>El p\u00fablico tambi\u00e9n podr\u00e1 disfrutar de un partido amistoso entre las Selecciones Sub 14 y Sub 15 de Tacuaremb\u00f3.<\/p>\n\n\n\n<p>El Intendente Wilson Ezquerra explic\u00f3 que se adelant\u00f3 la inauguraci\u00f3n porque este escenario deportivo lo requer\u00eda de acuerdo a lo manifestado por la Asociaci\u00f3n de F\u00fatbol de Tacuaremb\u00f3. Adem\u00e1s, invit\u00f3 a los vecinos a acompa\u00f1ar esta actividad con entrada gratuita, la cual contar\u00e1 tambi\u00e9n con espect\u00e1culos de candombe y desfile.<\/p>\n\n\n\n<p>A\u00f1adi\u00f3 que en este escenario tambi\u00e9n se realizaron tareas de pintura y record\u00f3 que se vienen mejorando otros espacios deportivos del departamento y los proyectos que est\u00e1n en marcha para la construcci\u00f3n un nuevo estadio.<\/p>\n\n\n\n<div class=\"wp-block-image-gallery-block-image-gallery-block\"><div class=\"eb-parent-wrapper eb-parent-eb-image-gallery-xopxu \"><div class=\"eb-gallery-img-wrapper eb-image-gallery-xopxu grid overlay-bottom caption-style-0   no-isotope \" data-id=\"eb-image-gallery-xopxu\"><a href=\"https:\/\/tacuarembo.gub.uy\/wp-content\/uploads\/1000109439.jpg\" rel=\"noopener\" data-fslightbox=\"gallery\" data-type=\"image\" class=\"eb-gallery-img-content eb-filter-img-\"><span class=\"eb-gallery-link-wrapper\"><img decoding=\"async\" class=\"eb-gallery-img\" src=\"https:\/\/tacuarembo.gub.uy\/wp-content\/uploads\/1000109439.jpg\" image-index=\"0\" alt=\"\"\/><\/span><\/a><a href=\"https:\/\/tacuarembo.gub.uy\/wp-content\/uploads\/1000109442.jpg\" rel=\"noopener\" data-fslightbox=\"gallery\" data-type=\"image\" class=\"eb-gallery-img-content eb-filter-img-\"><span class=\"eb-gallery-link-wrapper\"><img decoding=\"async\" class=\"eb-gallery-img\" src=\"https:\/\/tacuarembo.gub.uy\/wp-content\/uploads\/1000109442.jpg\" image-index=\"1\" alt=\"\"\/><\/span><\/a><a href=\"https:\/\/tacuarembo.gub.uy\/wp-content\/uploads\/1000109441.jpg\" rel=\"noopener\" data-fslightbox=\"gallery\" data-type=\"image\" class=\"eb-gallery-img-content eb-filter-img-\"><span class=\"eb-gallery-link-wrapper\"><img decoding=\"async\" class=\"eb-gallery-img\" src=\"https:\/\/tacuarembo.gub.uy\/wp-content\/uploads\/1000109441.jpg\" image-index=\"2\" alt=\"\"\/><\/span><\/a><a href=\"https:\/\/tacuarembo.gub.uy\/wp-content\/uploads\/1000109440.jpg\" rel=\"noopener\" data-fslightbox=\"gallery\" data-type=\"image\" class=\"eb-gallery-img-content eb-filter-img-\"><span class=\"eb-gallery-link-wrapper\"><img decoding=\"async\" class=\"eb-gallery-img\" src=\"https:\/\/tacuarembo.gub.uy\/wp-content\/uploads\/1000109440.jpg\" image-index=\"3\" alt=\"\"\/><\/span><\/a><\/div><\/div><\/div>\n","protected":false},"excerpt":{"rendered":"<p>Este jueves 18 de julio, a las 19 horas, se llevar\u00e1 a cabo la inauguraci\u00f3n de la nueva red lum\u00ednica del Estadio Ra\u00fal Goyenola de Tacuaremb\u00f3. La ceremonia coincidir\u00e1 con la final de la Supercopa de Tacuaremb\u00f3 2023, donde se enfrentar\u00e1n Estudiantes, campe\u00f3n de la Divisional A, y La Sexta, campe\u00f3n de la Divisional B.<\/p>\n","protected":false},"author":3,"featured_media":26509,"comment_status":"open","ping_status":"open","sticky":false,"template":"","format":"standard","meta":{"_eb_attr":"","footnotes":""},"categories":[16],"tags":[],"class_list":{"0":"post-26507","1":"post","2":"type-post","3":"status-publish","4":"format-standard","5":"has-post-thumbnail","7":"category-noticias"},"_links":{"self":[{"href":"https:\/\/tacuarembo.gub.uy\/index.php?rest_route=\/wp\/v2\/posts\/26507","targetHints":{"allow":["GET"]}}],"collection":[{"href":"https:\/\/tacuarembo.gub.uy\/index.php?rest_route=\/wp\/v2\/posts"}],"about":[{"href":"https:\/\/tacuarembo.gub.uy\/index.php?rest_route=\/wp\/v2\/types\/post"}],"author":[{"embeddable":true,"href":"https:\/\/tacuarembo.gub.uy\/index.php?rest_route=\/wp\/v2\/users\/3"}],"replies":[{"embeddable":true,"href":"https:\/\/tacuarembo.gub.uy\/index.php?rest_route=%2Fwp%2Fv2%2Fcomments&post=26507"}],"version-history":[{"count":1,"href":"https:\/\/tacuarembo.gub.uy\/index.php?rest_route=\/wp\/v2\/posts\/26507\/revisions"}],"predecessor-version":[{"id":26512,"href":"https:\/\/tacuarembo.gub.uy\/index.php?rest_route=\/wp\/v2\/posts\/26507\/revisions\/26512"}],"wp:featuredmedia":[{"embeddable":true,"href":"https:\/\/tacuarembo.gub.uy\/index.php?rest_route=\/wp\/v2\/media\/26509"}],"wp:attachment":[{"href":"https:\/\/tacuarembo.gub.uy\/index.php?rest_route=%2Fwp%2Fv2%2Fmedia&parent=26507"}],"wp:term":[{"taxonomy":"category","embeddable":true,"href":"https:\/\/tacuarembo.gub.uy\/index.php?rest_route=%2Fwp%2Fv2%2Fcategories&post=26507"},{"taxonomy":"post_tag","embeddable":true,"href":"https:\/\/tacuarembo.gub.uy\/index.php?rest_route=%2Fwp%2Fv2%2Ftags&post=26507"}],"curies":[{"name":"wp","href":"https:\/\/api.w.org\/{rel}","templated":true}]}}