{"id":26498,"date":"2024-07-17T14:17:49","date_gmt":"2024-07-17T17:17:49","guid":{"rendered":"https:\/\/tacuarembo.gub.uy\/?p=26498"},"modified":"2024-07-17T14:17:51","modified_gmt":"2024-07-17T17:17:51","slug":"escrituras-colectivas-de-viviendas-batovi","status":"publish","type":"post","link":"https:\/\/tacuarembo.gub.uy\/?p=26498","title":{"rendered":"Escrituras colectivas de viviendas Batov\u00ed"},"content":{"rendered":"\n<p>La Intendencia de Tacuaremb\u00f3 comparte informaci\u00f3n recibida de Mevir referente al acto de 18 escrituras colectivas de vivienda en la localidad de Sauce de Batov\u00ed, familias que pasar\u00e1n a ser titulares de sus viviendas luego de haber cumplido con sus derechos y obligaciones como participantes de Mevir. El acto se realizar\u00e1 el martes 23 de julio en el Sal\u00f3n Comunal en Batov\u00ed a la hora 11:30, contando con la presencia del Int. de Tacuaremb\u00f3 Wilson Ezquerra y de la Vice Pta. de Mevir Cristina Secco<\/p>\n","protected":false},"excerpt":{"rendered":"<p>La Intendencia de Tacuaremb\u00f3 comparte informaci\u00f3n recibida de Mevir referente al acto de 18 escrituras colectivas de vivienda en la localidad de Sauce de Batov\u00ed, familias que pasar\u00e1n a ser titulares de sus viviendas luego de haber cumplido con sus derechos y obligaciones como participantes de Mevir<\/p>\n","protected":false},"author":3,"featured_media":26499,"comment_status":"open","ping_status":"open","sticky":false,"template":"","format":"standard","meta":{"_eb_attr":"","footnotes":""},"categories":[38],"tags":[],"class_list":{"0":"post-26498","1":"post","2":"type-post","3":"status-publish","4":"format-standard","5":"has-post-thumbnail","7":"category-comunicados-de-prensa"},"_links":{"self":[{"href":"https:\/\/tacuarembo.gub.uy\/index.php?rest_route=\/wp\/v2\/posts\/26498","targetHints":{"allow":["GET"]}}],"collection":[{"href":"https:\/\/tacuarembo.gub.uy\/index.php?rest_route=\/wp\/v2\/posts"}],"about":[{"href":"https:\/\/tacuarembo.gub.uy\/index.php?rest_route=\/wp\/v2\/types\/post"}],"author":[{"embeddable":true,"href":"https:\/\/tacuarembo.gub.uy\/index.php?rest_route=\/wp\/v2\/users\/3"}],"replies":[{"embeddable":true,"href":"https:\/\/tacuarembo.gub.uy\/index.php?rest_route=%2Fwp%2Fv2%2Fcomments&post=26498"}],"version-history":[{"count":1,"href":"https:\/\/tacuarembo.gub.uy\/index.php?rest_route=\/wp\/v2\/posts\/26498\/revisions"}],"predecessor-version":[{"id":26500,"href":"https:\/\/tacuarembo.gub.uy\/index.php?rest_route=\/wp\/v2\/posts\/26498\/revisions\/26500"}],"wp:featuredmedia":[{"embeddable":true,"href":"https:\/\/tacuarembo.gub.uy\/index.php?rest_route=\/wp\/v2\/media\/26499"}],"wp:attachment":[{"href":"https:\/\/tacuarembo.gub.uy\/index.php?rest_route=%2Fwp%2Fv2%2Fmedia&parent=26498"}],"wp:term":[{"taxonomy":"category","embeddable":true,"href":"https:\/\/tacuarembo.gub.uy\/index.php?rest_route=%2Fwp%2Fv2%2Fcategories&post=26498"},{"taxonomy":"post_tag","embeddable":true,"href":"https:\/\/tacuarembo.gub.uy\/index.php?rest_route=%2Fwp%2Fv2%2Ftags&post=26498"}],"curies":[{"name":"wp","href":"https:\/\/api.w.org\/{rel}","templated":true}]}}