{"id":26492,"date":"2024-07-17T11:45:49","date_gmt":"2024-07-17T14:45:49","guid":{"rendered":"https:\/\/tacuarembo.gub.uy\/?p=26492"},"modified":"2024-07-17T11:46:59","modified_gmt":"2024-07-17T14:46:59","slug":"idt-comparte-lineas-de-ayuda-y-se-adhiere-al-dia-nacional-para-la-prevencion-del-suicidio-en-tacuarembo","status":"publish","type":"post","link":"https:\/\/tacuarembo.gub.uy\/?p=26492","title":{"rendered":"IDT comparte l\u00edneas de ayuda y se adhiere al D\u00eda nacional para la prevenci\u00f3n del suicidio en Tacuaremb\u00f3"},"content":{"rendered":"\n<p>Este 17 de julio se conmemora el D\u00eda Nacional para la Prevenci\u00f3n del Suicidio, una jornada dedicada a la reflexi\u00f3n y concientizaci\u00f3n sobre una problem\u00e1tica de gran impacto en la sociedad. La Intendencia de Tacuaremb\u00f3, a trav\u00e9s de la Direcci\u00f3n General de Desarrollo Social, se adhiere a la campa\u00f1a nacional y redobla sus esfuerzos a trav\u00e9s del \u00abProyecto Puente\u00bb.<\/p>\n\n\n\n<p>Se trata de una iniciativa local que ofrece atenci\u00f3n mediante talleres, trabajos con grupos de ayuda mutua y contenci\u00f3n a familiares, con el objetivo de afrontar y mitigar los efectos del suicidio en la comunidad.<\/p>\n\n\n\n<p>El psic\u00f3logo Nicol\u00e1s Rosas, responsable de la Oficina de G\u00e9nero, Equidad y Diversidad record\u00f3 que se viene trabajando en esta y otras tem\u00e1ticas junto a adolescentes y j\u00f3venes de clubes deportivos con el fin de visibilizar los temas que preocupan, adem\u00e1s de compartir experiencias y generar un rico intercambio.<\/p>\n\n\n\n<p>Durante esta especial jornada, se apunta a concientizar tanto a la poblaci\u00f3n como a las instituciones y a todos los actores sociales sobre la importancia de la prevenci\u00f3n y el apoyo emocional.<\/p>\n\n\n\n<p>Tel\u00e9fonos de atenci\u00f3n:<\/p>\n\n\n\n<p>Proyecto Puente en Tacuaremb\u00f3: 098607842<\/p>\n\n\n\n<p>L\u00edneas nacionales (atenci\u00f3n 24 hs): 0800 0767 &#8211; *0767<\/p>\n\n\n\n<p>L\u00ednea de apoyo emocional: 0800 1920<\/p>\n\n\n\n<figure class=\"wp-block-image size-full\"><img loading=\"lazy\" decoding=\"async\" width=\"1080\" height=\"796\" src=\"https:\/\/tacuarembo.gub.uy\/wp-content\/uploads\/WhatsApp-Image-2024-07-17-at-11.16.16.jpeg\" alt=\"\" class=\"wp-image-26493\" srcset=\"https:\/\/tacuarembo.gub.uy\/wp-content\/uploads\/WhatsApp-Image-2024-07-17-at-11.16.16.jpeg 1080w, https:\/\/tacuarembo.gub.uy\/wp-content\/uploads\/WhatsApp-Image-2024-07-17-at-11.16.16-768x566.jpeg 768w\" sizes=\"auto, (max-width: 1080px) 100vw, 1080px\" \/><\/figure>\n","protected":false},"excerpt":{"rendered":"<p>Este 17 de julio se conmemora el D\u00eda Nacional para la Prevenci\u00f3n del Suicidio, una jornada dedicada a la reflexi\u00f3n y concientizaci\u00f3n sobre una problem\u00e1tica de gran impacto en la sociedad. La Intendencia de Tacuaremb\u00f3, a trav\u00e9s de la Direcci\u00f3n General de Desarrollo Social, se adhiere a la campa\u00f1a nacional y redobla sus esfuerzos a trav\u00e9s del \u00abProyecto Puente\u00bb<\/p>\n","protected":false},"author":3,"featured_media":26493,"comment_status":"open","ping_status":"open","sticky":false,"template":"","format":"standard","meta":{"_eb_attr":"","footnotes":""},"categories":[16],"tags":[],"class_list":{"0":"post-26492","1":"post","2":"type-post","3":"status-publish","4":"format-standard","5":"has-post-thumbnail","7":"category-noticias"},"_links":{"self":[{"href":"https:\/\/tacuarembo.gub.uy\/index.php?rest_route=\/wp\/v2\/posts\/26492","targetHints":{"allow":["GET"]}}],"collection":[{"href":"https:\/\/tacuarembo.gub.uy\/index.php?rest_route=\/wp\/v2\/posts"}],"about":[{"href":"https:\/\/tacuarembo.gub.uy\/index.php?rest_route=\/wp\/v2\/types\/post"}],"author":[{"embeddable":true,"href":"https:\/\/tacuarembo.gub.uy\/index.php?rest_route=\/wp\/v2\/users\/3"}],"replies":[{"embeddable":true,"href":"https:\/\/tacuarembo.gub.uy\/index.php?rest_route=%2Fwp%2Fv2%2Fcomments&post=26492"}],"version-history":[{"count":2,"href":"https:\/\/tacuarembo.gub.uy\/index.php?rest_route=\/wp\/v2\/posts\/26492\/revisions"}],"predecessor-version":[{"id":26495,"href":"https:\/\/tacuarembo.gub.uy\/index.php?rest_route=\/wp\/v2\/posts\/26492\/revisions\/26495"}],"wp:featuredmedia":[{"embeddable":true,"href":"https:\/\/tacuarembo.gub.uy\/index.php?rest_route=\/wp\/v2\/media\/26493"}],"wp:attachment":[{"href":"https:\/\/tacuarembo.gub.uy\/index.php?rest_route=%2Fwp%2Fv2%2Fmedia&parent=26492"}],"wp:term":[{"taxonomy":"category","embeddable":true,"href":"https:\/\/tacuarembo.gub.uy\/index.php?rest_route=%2Fwp%2Fv2%2Fcategories&post=26492"},{"taxonomy":"post_tag","embeddable":true,"href":"https:\/\/tacuarembo.gub.uy\/index.php?rest_route=%2Fwp%2Fv2%2Ftags&post=26492"}],"curies":[{"name":"wp","href":"https:\/\/api.w.org\/{rel}","templated":true}]}}