{"id":26487,"date":"2024-07-17T11:43:50","date_gmt":"2024-07-17T14:43:50","guid":{"rendered":"https:\/\/tacuarembo.gub.uy\/?p=26487"},"modified":"2024-07-17T11:43:52","modified_gmt":"2024-07-17T14:43:52","slug":"comienzan-las-clases-de-fisioterapia-grupal-para-adultos-mayores-en-caraguata-y-ansina","status":"publish","type":"post","link":"https:\/\/tacuarembo.gub.uy\/?p=26487","title":{"rendered":"Comienzan las clases de fisioterapia grupal para adultos mayores en Caraguat\u00e1 y Ansina"},"content":{"rendered":"\n<p>La propuesta promueve la inclusi\u00f3n de los adultos mayores, con la finalidad de contribuir a la promoci\u00f3n de la salud f\u00edsica y mental, as\u00ed como a mejorar la calidad de vida de las personas que integran esa franja etaria.<\/p>\n\n\n\n<p>Luego de impartir clases en diferentes espacios y localidades de Tacuaremb\u00f3, a trav\u00e9s de la Oficina del Adulto Mayor de la Direcci\u00f3n General de Desarrollo Social, el servicio comenzar\u00e1 en Caraguat\u00e1 y Ansina.<\/p>\n\n\n\n<p>Se trata de una propuesta gratuita y dirigida a perosnas maayores de 60 a\u00f1os.<\/p>\n\n\n\n<p>Los grupos funcionar\u00e1n bajo la orientaci\u00f3n de la licenciada en Fisioterapia, Grecia Porto, en los siguientes lugares:<\/p>\n\n\n\n<p>En Caraguat\u00e1 las clases se impartir\u00e1n los<br>mi\u00e9rcoles, a las 15 horas, en el Trasfoguero.<\/p>\n\n\n\n<p>Por su parte, en Ansina ser\u00e1 tambi\u00e9n los mi\u00e9rcoles, a las 10.30 horas, en el Sal\u00f3n \u00abCasa De la Tercera Edad\u00bb (provisoriamente)\u201d.<\/p>\n\n\n\n<figure class=\"wp-block-image size-full\"><img loading=\"lazy\" decoding=\"async\" width=\"1080\" height=\"1080\" src=\"https:\/\/tacuarembo.gub.uy\/wp-content\/uploads\/WhatsApp-Image-2024-07-17-at-11.10.001.jpeg\" alt=\"\" class=\"wp-image-26489\" srcset=\"https:\/\/tacuarembo.gub.uy\/wp-content\/uploads\/WhatsApp-Image-2024-07-17-at-11.10.001.jpeg 1080w, https:\/\/tacuarembo.gub.uy\/wp-content\/uploads\/WhatsApp-Image-2024-07-17-at-11.10.001-768x768.jpeg 768w\" sizes=\"auto, (max-width: 1080px) 100vw, 1080px\" \/><\/figure>\n\n\n\n<figure class=\"wp-block-image size-full\"><img loading=\"lazy\" decoding=\"async\" width=\"1080\" height=\"1080\" src=\"https:\/\/tacuarembo.gub.uy\/wp-content\/uploads\/WhatsApp-Image-2024-07-17-at-11.10.00.jpeg\" alt=\"\" class=\"wp-image-26490\" srcset=\"https:\/\/tacuarembo.gub.uy\/wp-content\/uploads\/WhatsApp-Image-2024-07-17-at-11.10.00.jpeg 1080w, https:\/\/tacuarembo.gub.uy\/wp-content\/uploads\/WhatsApp-Image-2024-07-17-at-11.10.00-768x768.jpeg 768w\" sizes=\"auto, (max-width: 1080px) 100vw, 1080px\" \/><\/figure>\n","protected":false},"excerpt":{"rendered":"<p>La propuesta promueve la inclusi\u00f3n de los adultos mayores, con la finalidad de contribuir a la promoci\u00f3n de la salud f\u00edsica y mental, as\u00ed como a mejorar la calidad de vida de las personas que integran esa franja etaria<\/p>\n","protected":false},"author":3,"featured_media":26488,"comment_status":"open","ping_status":"open","sticky":false,"template":"","format":"standard","meta":{"_eb_attr":"","footnotes":""},"categories":[16],"tags":[],"class_list":{"0":"post-26487","1":"post","2":"type-post","3":"status-publish","4":"format-standard","5":"has-post-thumbnail","7":"category-noticias"},"_links":{"self":[{"href":"https:\/\/tacuarembo.gub.uy\/index.php?rest_route=\/wp\/v2\/posts\/26487","targetHints":{"allow":["GET"]}}],"collection":[{"href":"https:\/\/tacuarembo.gub.uy\/index.php?rest_route=\/wp\/v2\/posts"}],"about":[{"href":"https:\/\/tacuarembo.gub.uy\/index.php?rest_route=\/wp\/v2\/types\/post"}],"author":[{"embeddable":true,"href":"https:\/\/tacuarembo.gub.uy\/index.php?rest_route=\/wp\/v2\/users\/3"}],"replies":[{"embeddable":true,"href":"https:\/\/tacuarembo.gub.uy\/index.php?rest_route=%2Fwp%2Fv2%2Fcomments&post=26487"}],"version-history":[{"count":1,"href":"https:\/\/tacuarembo.gub.uy\/index.php?rest_route=\/wp\/v2\/posts\/26487\/revisions"}],"predecessor-version":[{"id":26491,"href":"https:\/\/tacuarembo.gub.uy\/index.php?rest_route=\/wp\/v2\/posts\/26487\/revisions\/26491"}],"wp:featuredmedia":[{"embeddable":true,"href":"https:\/\/tacuarembo.gub.uy\/index.php?rest_route=\/wp\/v2\/media\/26488"}],"wp:attachment":[{"href":"https:\/\/tacuarembo.gub.uy\/index.php?rest_route=%2Fwp%2Fv2%2Fmedia&parent=26487"}],"wp:term":[{"taxonomy":"category","embeddable":true,"href":"https:\/\/tacuarembo.gub.uy\/index.php?rest_route=%2Fwp%2Fv2%2Fcategories&post=26487"},{"taxonomy":"post_tag","embeddable":true,"href":"https:\/\/tacuarembo.gub.uy\/index.php?rest_route=%2Fwp%2Fv2%2Ftags&post=26487"}],"curies":[{"name":"wp","href":"https:\/\/api.w.org\/{rel}","templated":true}]}}