{"id":26480,"date":"2024-07-16T16:54:20","date_gmt":"2024-07-16T19:54:20","guid":{"rendered":"https:\/\/tacuarembo.gub.uy\/?p=26480"},"modified":"2024-07-16T16:54:22","modified_gmt":"2024-07-16T19:54:22","slug":"idt-invita-al-acto-conmemorativo-de-la-jura-de-la-constitucion-y-dia-del-arma-de-infanteria-en-tacuarembo","status":"publish","type":"post","link":"https:\/\/tacuarembo.gub.uy\/?p=26480","title":{"rendered":"IDT invita al acto conmemorativo de la Jura de la Constituci\u00f3n y D\u00eda del Arma de Infanter\u00eda en Tacuaremb\u00f3"},"content":{"rendered":"\n<p><\/p>\n\n\n\n<p>La Comisi\u00f3n Patri\u00f3tica de Tacuaremb\u00f3 invita a participar del acto conmemorativo de la Jura de la Constituci\u00f3n de 1830 y el D\u00eda del Arma de Infanter\u00eda. La ceremonia se llevar\u00e1 a cabo este jueves 18 de julio, a partir de las 10.30 horas, en la Plaza 19 de Abril.<\/p>\n\n\n\n<p>El mensaje alusivo a la fecha estar\u00e1 a cargo de la edila Nubia L\u00f3pez, quien hablar\u00e1 en representaci\u00f3n de la Junta Departamental. Adem\u00e1s, el p\u00fablico podr\u00e1 disfrutar de una presentaci\u00f3n de danza realizada por los alumnos de la Escuela N\u00ba 7.<\/p>\n\n\n\n<p><strong>Programa<\/strong><\/p>\n\n\n\n<p>Salida del sol:<\/p>\n\n\n\n<p>-A las 07.40 horas en la Plaza 19 de Abril: izamiento de pabellones patrios con honores a cargo de jefatura de polic\u00eda.<\/p>\n\n\n\n<p>-A las 10.30 horas: concentraci\u00f3n c\u00edvico militar de abanderados y escoltas de instituciones y organismos p\u00fablicos y privados, ense\u00f1anza, clubes de servicio.<\/p>\n\n\n\n<p>-Himno Nacional<\/p>\n\n\n\n<p>-Danza a cargo de alumnos de la Escuela N\u00ba 7<\/p>\n\n\n\n<p>-Oratoria: en representaci\u00f3n de la Comisi\u00f3n Patri\u00f3tica de Tacuaremb\u00f3, autoridades y poblaci\u00f3n, el mensaje estar\u00e1 a cargo de la Junta Departamental.<\/p>\n\n\n\n<p>-Colocaci\u00f3n de la ofrenda floral de la Comisi\u00f3n Patri\u00f3tica seguido de Toque del Silencio, por parte del Trompa del Regimiento \u201cMisiones\u201d de Caballer\u00eda Blindado N\u00ba 5.<\/p>\n\n\n\n<p>-Marcha Mi Bandera y retiro de delegaciones de abanderados y escoltas.<\/p>\n\n\n\n<p>Entrada del sol:<\/p>\n\n\n\n<p>-A las 18.01 horas: arriado de pabellones patrios con honores a cargo de Jefatura de Polic\u00eda.<\/p>\n\n\n\n<p>La Comisi\u00f3n Patri\u00f3tica de Tacuaremb\u00f3 invita a la poblaci\u00f3n a acompa\u00f1ar los actos y al embanderamiento de la ciudad.<\/p>\n\n\n\n<figure class=\"wp-block-image size-full\"><img loading=\"lazy\" decoding=\"async\" width=\"1081\" height=\"1081\" src=\"https:\/\/tacuarembo.gub.uy\/wp-content\/uploads\/WhatsApp-Image-2024-07-16-at-16.31.47.jpeg\" alt=\"\" class=\"wp-image-26481\" srcset=\"https:\/\/tacuarembo.gub.uy\/wp-content\/uploads\/WhatsApp-Image-2024-07-16-at-16.31.47.jpeg 1081w, https:\/\/tacuarembo.gub.uy\/wp-content\/uploads\/WhatsApp-Image-2024-07-16-at-16.31.47-768x768.jpeg 768w\" sizes=\"auto, (max-width: 1081px) 100vw, 1081px\" \/><\/figure>\n","protected":false},"excerpt":{"rendered":"<p>La Comisi\u00f3n Patri\u00f3tica de Tacuaremb\u00f3 invita a participar del acto conmemorativo de la Jura de la Constituci\u00f3n de 1830 y el D\u00eda del Arma de Infanter\u00eda. La ceremonia se llevar\u00e1 a cabo este jueves 18 de julio, a partir de las 10.30 horas, en la Plaza 19 de Abril<\/p>\n","protected":false},"author":3,"featured_media":26481,"comment_status":"open","ping_status":"open","sticky":false,"template":"","format":"standard","meta":{"_eb_attr":"","footnotes":""},"categories":[16],"tags":[],"class_list":{"0":"post-26480","1":"post","2":"type-post","3":"status-publish","4":"format-standard","5":"has-post-thumbnail","7":"category-noticias"},"_links":{"self":[{"href":"https:\/\/tacuarembo.gub.uy\/index.php?rest_route=\/wp\/v2\/posts\/26480","targetHints":{"allow":["GET"]}}],"collection":[{"href":"https:\/\/tacuarembo.gub.uy\/index.php?rest_route=\/wp\/v2\/posts"}],"about":[{"href":"https:\/\/tacuarembo.gub.uy\/index.php?rest_route=\/wp\/v2\/types\/post"}],"author":[{"embeddable":true,"href":"https:\/\/tacuarembo.gub.uy\/index.php?rest_route=\/wp\/v2\/users\/3"}],"replies":[{"embeddable":true,"href":"https:\/\/tacuarembo.gub.uy\/index.php?rest_route=%2Fwp%2Fv2%2Fcomments&post=26480"}],"version-history":[{"count":1,"href":"https:\/\/tacuarembo.gub.uy\/index.php?rest_route=\/wp\/v2\/posts\/26480\/revisions"}],"predecessor-version":[{"id":26482,"href":"https:\/\/tacuarembo.gub.uy\/index.php?rest_route=\/wp\/v2\/posts\/26480\/revisions\/26482"}],"wp:featuredmedia":[{"embeddable":true,"href":"https:\/\/tacuarembo.gub.uy\/index.php?rest_route=\/wp\/v2\/media\/26481"}],"wp:attachment":[{"href":"https:\/\/tacuarembo.gub.uy\/index.php?rest_route=%2Fwp%2Fv2%2Fmedia&parent=26480"}],"wp:term":[{"taxonomy":"category","embeddable":true,"href":"https:\/\/tacuarembo.gub.uy\/index.php?rest_route=%2Fwp%2Fv2%2Fcategories&post=26480"},{"taxonomy":"post_tag","embeddable":true,"href":"https:\/\/tacuarembo.gub.uy\/index.php?rest_route=%2Fwp%2Fv2%2Ftags&post=26480"}],"curies":[{"name":"wp","href":"https:\/\/api.w.org\/{rel}","templated":true}]}}