{"id":26470,"date":"2024-07-16T16:19:58","date_gmt":"2024-07-16T19:19:58","guid":{"rendered":"https:\/\/tacuarembo.gub.uy\/?p=26470"},"modified":"2024-07-16T16:20:00","modified_gmt":"2024-07-16T19:20:00","slug":"calendario-actividades-en-mes-de-la-afrodescendencia","status":"publish","type":"post","link":"https:\/\/tacuarembo.gub.uy\/?p=26470","title":{"rendered":"Calendario actividades en Mes de la Afrodescendencia"},"content":{"rendered":"\n<p><br>La Intendencia de Tacuaremb\u00f3, por tercer a\u00f1o consecutivo desarrolla un programa de actividades por el Mes de la Afrodescendencia, el que se detalla a continuaci\u00f3n:<br>-S\u00e1bado 19, 18:30 horas, Sala Brocco, Documental \u201cSomos negra y qu\u00e9\u201d, conversatorio sobre la situaci\u00f3n de las mujeres afro de la regi\u00f3n norte, activista Evelin Ramos<br>-Domingo 20, 14:30 horas, Casa de la Cultura, Taller \u201cS\u00edmbolos del Candombe\u201d, Bettina Chopitea y H\u00e9ctor Vidal.<br>-Lunes 21, 17:00 horas, Barrio L\u00f3pez, Desfile de Llamadas por calle Manuel Freire desde Secco Aparicio hasta Centro de Barrio 2.<br>-Mi\u00e9rcoles 24, 14:00 horas, Liceo N\u00b0 4, charla sobre Ildefonso Pereda Vald\u00e9s, escritor e historiador Oscar Monta\u00f1o.<br>-Domingo 28, 14:00 horas, Casa de la Cultura, Taller de danza candombe, core\u00f3grafa Micaela Viera.<br>-Domingo 28, 18:00 horas, Desfile de Llamadas por calle Mar\u00eda Esther Castrill\u00f3n, desde Parque Rod\u00f3 hasta Plazoleta Martha Gularte.<\/p>\n","protected":false},"excerpt":{"rendered":"<p>La Intendencia de Tacuaremb\u00f3, por tercer a\u00f1o consecutivo desarrolla un programa de actividades por el Mes de la Afrodescendencia, el que se detalla a continuaci\u00f3n<\/p>\n","protected":false},"author":3,"featured_media":26471,"comment_status":"open","ping_status":"open","sticky":false,"template":"","format":"standard","meta":{"_eb_attr":"","footnotes":""},"categories":[38],"tags":[],"class_list":{"0":"post-26470","1":"post","2":"type-post","3":"status-publish","4":"format-standard","5":"has-post-thumbnail","7":"category-comunicados-de-prensa"},"_links":{"self":[{"href":"https:\/\/tacuarembo.gub.uy\/index.php?rest_route=\/wp\/v2\/posts\/26470","targetHints":{"allow":["GET"]}}],"collection":[{"href":"https:\/\/tacuarembo.gub.uy\/index.php?rest_route=\/wp\/v2\/posts"}],"about":[{"href":"https:\/\/tacuarembo.gub.uy\/index.php?rest_route=\/wp\/v2\/types\/post"}],"author":[{"embeddable":true,"href":"https:\/\/tacuarembo.gub.uy\/index.php?rest_route=\/wp\/v2\/users\/3"}],"replies":[{"embeddable":true,"href":"https:\/\/tacuarembo.gub.uy\/index.php?rest_route=%2Fwp%2Fv2%2Fcomments&post=26470"}],"version-history":[{"count":1,"href":"https:\/\/tacuarembo.gub.uy\/index.php?rest_route=\/wp\/v2\/posts\/26470\/revisions"}],"predecessor-version":[{"id":26472,"href":"https:\/\/tacuarembo.gub.uy\/index.php?rest_route=\/wp\/v2\/posts\/26470\/revisions\/26472"}],"wp:featuredmedia":[{"embeddable":true,"href":"https:\/\/tacuarembo.gub.uy\/index.php?rest_route=\/wp\/v2\/media\/26471"}],"wp:attachment":[{"href":"https:\/\/tacuarembo.gub.uy\/index.php?rest_route=%2Fwp%2Fv2%2Fmedia&parent=26470"}],"wp:term":[{"taxonomy":"category","embeddable":true,"href":"https:\/\/tacuarembo.gub.uy\/index.php?rest_route=%2Fwp%2Fv2%2Fcategories&post=26470"},{"taxonomy":"post_tag","embeddable":true,"href":"https:\/\/tacuarembo.gub.uy\/index.php?rest_route=%2Fwp%2Fv2%2Ftags&post=26470"}],"curies":[{"name":"wp","href":"https:\/\/api.w.org\/{rel}","templated":true}]}}