{"id":26459,"date":"2024-07-16T15:39:44","date_gmt":"2024-07-16T18:39:44","guid":{"rendered":"https:\/\/tacuarembo.gub.uy\/?p=26459"},"modified":"2024-07-16T15:39:47","modified_gmt":"2024-07-16T18:39:47","slug":"idt-presento-el-cronograma-de-actividades-por-el-mes-de-la-afrodescendencia","status":"publish","type":"post","link":"https:\/\/tacuarembo.gub.uy\/?p=26459","title":{"rendered":"IDT present\u00f3 el cronograma de actividades por el Mes de la Afrodescendencia"},"content":{"rendered":"\n<p>En una conferencia de prensa, presidente de la Comisi\u00f3n de Carnaval y director de Juventud, Camilo Guti\u00e9rrez, record\u00f3 que esta ser\u00e1 la tercera edici\u00f3n del Mes de la Afrodescendencia en Tacuaremb\u00f3, iniciada en 2022 con la colaboraci\u00f3n de varias \u00e1reas de la Intendencia y las agrupaciones de negros y lubolos del departamento.<\/p>\n\n\n\n<p>El objetivo principal es la promoci\u00f3n de la cultura afro y la erradicaci\u00f3n del racismo, as\u00ed como incentivar la participaci\u00f3n ciudadana en las diversas actividades programadas para el mes de julio, en alusi\u00f3n al 18 de julio, d\u00eda del nacimiento de Nelson Mandela, uno de los activistas por los derechos afro m\u00e1s importantes del mundo. Adem\u00e1s, el 25 de julio es el D\u00eda Internacional de la Mujer Afrolatinoamericana, Caribe\u00f1a y de la Di\u00e1spora.<\/p>\n\n\n\n<p>Durante la presentaci\u00f3n, Guti\u00e9rrez anunci\u00f3 que este a\u00f1o se rendir\u00e1 homenaje al escritor e historiador tacuaremboense Ildefonso Pereda Vald\u00e9s (1899-1996), reconocido por su significativa contribuci\u00f3n al iniciar e impulsar la \u201ccruzada negra\u201d en Uruguay, fomentando el estudio y la difusi\u00f3n de la cultura y las tradiciones afrouruguayas.<\/p>\n\n\n\n<p>Las actividades previstas para este mes incluyen conferencias, talleres, exposiciones y eventos culturales que resaltar\u00e1n la rica herencia afrodescendiente y promover\u00e1n la inclusi\u00f3n y el respeto por la diversidad.<\/p>\n\n\n\n<p>Pr\u00f3ximas actividades<\/p>\n\n\n\n<p>Viernes 19 de julio, a las 18.30 horas, en la Sala Brocco: Documental \u00abSomos negra y que\u00bb. Conversatorio sobre la situaci\u00f3n de las mujeres afro de la regi\u00f3n norte. Activista Evelin Ramos.<\/p>\n\n\n\n<p>S\u00e1bado 20 de julio, a las 14.30 horas, en la Casa de la Cultura: Taller \u00abS\u00edmbolos del candombe\u00bb. Bettina Chopitea y H\u00e9ctor Vidal.<\/p>\n\n\n\n<p>Domingo 21 de julio, a las 17 horas: Desfile de Llamadas por Manuel Freire, desde Secco Aparicio hasta Centro de Barrio N\u00b0 2 del barrio L\u00f3pez.<\/p>\n\n\n\n<p>Mi\u00e9rcoles 24 de julio, a las 14 horas, en el Liceo N\u00b0 4: Charla sobre Ildefonso Pereda Valdes. Escritor e historiador Oscar Monta\u00f1o.<\/p>\n\n\n\n<p>Domingo 28 de julio, a las 14 horas, en la Casa de la Cultura: Taller de danza candombe. Core\u00f3grafa Micaela Viera.<\/p>\n\n\n\n<p>Domingo 28 de julio, a las 18 horas: Desfile de Llamadas por Mar\u00eda Esther Castrill\u00f3n, desde Parqu\u00e9 Rod\u00f3 hasta la plazoleta Martha Gularte.<\/p>\n\n\n\n<figure class=\"wp-block-image size-full\"><img loading=\"lazy\" decoding=\"async\" width=\"1536\" height=\"2048\" src=\"https:\/\/tacuarembo.gub.uy\/wp-content\/uploads\/WhatsApp-Image-2024-07-16-at-15.35.213.jpeg\" alt=\"\" class=\"wp-image-26460\" srcset=\"https:\/\/tacuarembo.gub.uy\/wp-content\/uploads\/WhatsApp-Image-2024-07-16-at-15.35.213.jpeg 1536w, https:\/\/tacuarembo.gub.uy\/wp-content\/uploads\/WhatsApp-Image-2024-07-16-at-15.35.213-768x1024.jpeg 768w, https:\/\/tacuarembo.gub.uy\/wp-content\/uploads\/WhatsApp-Image-2024-07-16-at-15.35.213-1152x1536.jpeg 1152w\" sizes=\"auto, (max-width: 1536px) 100vw, 1536px\" \/><\/figure>\n\n\n\n<p>El representante de la Sociedad de Negros y Lubolos de Tacuaremb\u00f3, Tom\u00e1s Sanchez, destac\u00f3 la importancia de esta fecha y que a\u00f1o a a\u00f1o se vaya fortaleciendo el recuerdo a toda la gente que milita desde hace a\u00f1os en Uruguay y el mundo. Record\u00f3 el trabajo que se hace en Tacuaremb\u00f3 con las comunidades de afrodescendientes y le pidi\u00f3 a la gente que se sume con sus propuestas para trabajar en conjunto.<\/p>\n\n\n\n<p>Por su parte, el presidente de la Mesa Ejecutiva Centro de Barrio N\u00ba2, Luis M\u00e9ndez, le agradeci\u00f3 a la Intendencia de Tacuaremb\u00f3 y el merecido homenaje que se le har\u00e1 IldefonsoPereda Vald\u00e9s, nombre que lleva la biblioteca del barrio L\u00f3pez.<\/p>\n\n\n\n<p>La actividad cont\u00f3 adem\u00e1s con la participaci\u00f3n del referente de G\u00e9nero, Equidad y Diversidad de la Direcci\u00f3n de Desarrollo Social, Nicol\u00e1s Rosas, la directora de Cultura, Loreley Alam\u00f3n, y el bailar\u00edn Ignacio Gonz\u00e1lez<\/p>\n\n\n\n<div class=\"wp-block-image-gallery-block-image-gallery-block\"><div class=\"eb-parent-wrapper eb-parent-eb-image-gallery-7oht3 \"><div class=\"eb-gallery-img-wrapper eb-image-gallery-7oht3 grid overlay-bottom caption-style-0   no-isotope \" data-id=\"eb-image-gallery-7oht3\"><a href=\"https:\/\/tacuarembo.gub.uy\/wp-content\/uploads\/WhatsApp-Image-2024-07-16-at-15.35.212.jpeg\" rel=\"noopener\" data-fslightbox=\"gallery\" data-type=\"image\" class=\"eb-gallery-img-content eb-filter-img-\"><span class=\"eb-gallery-link-wrapper\"><img decoding=\"async\" class=\"eb-gallery-img\" src=\"https:\/\/tacuarembo.gub.uy\/wp-content\/uploads\/WhatsApp-Image-2024-07-16-at-15.35.212.jpeg\" image-index=\"0\" alt=\"\"\/><\/span><\/a><a href=\"https:\/\/tacuarembo.gub.uy\/wp-content\/uploads\/WhatsApp-Image-2024-07-16-at-15.35.211.jpeg\" rel=\"noopener\" data-fslightbox=\"gallery\" data-type=\"image\" class=\"eb-gallery-img-content eb-filter-img-\"><span class=\"eb-gallery-link-wrapper\"><img decoding=\"async\" class=\"eb-gallery-img\" src=\"https:\/\/tacuarembo.gub.uy\/wp-content\/uploads\/WhatsApp-Image-2024-07-16-at-15.35.211.jpeg\" image-index=\"1\" alt=\"\"\/><\/span><\/a><a href=\"https:\/\/tacuarembo.gub.uy\/wp-content\/uploads\/WhatsApp-Image-2024-07-16-at-15.35.21.jpeg\" rel=\"noopener\" data-fslightbox=\"gallery\" data-type=\"image\" class=\"eb-gallery-img-content eb-filter-img-\"><span class=\"eb-gallery-link-wrapper\"><img decoding=\"async\" class=\"eb-gallery-img\" src=\"https:\/\/tacuarembo.gub.uy\/wp-content\/uploads\/WhatsApp-Image-2024-07-16-at-15.35.21.jpeg\" image-index=\"2\" alt=\"\"\/><\/span><\/a><a href=\"https:\/\/tacuarembo.gub.uy\/wp-content\/uploads\/WhatsApp-Image-2024-07-16-at-15.35.201.jpeg\" rel=\"noopener\" data-fslightbox=\"gallery\" data-type=\"image\" class=\"eb-gallery-img-content eb-filter-img-\"><span class=\"eb-gallery-link-wrapper\"><img decoding=\"async\" class=\"eb-gallery-img\" src=\"https:\/\/tacuarembo.gub.uy\/wp-content\/uploads\/WhatsApp-Image-2024-07-16-at-15.35.201.jpeg\" image-index=\"3\" alt=\"\"\/><\/span><\/a><\/div><\/div><\/div>\n","protected":false},"excerpt":{"rendered":"<p>En una conferencia de prensa, presidente de la Comisi\u00f3n de Carnaval y director de Juventud, Camilo Guti\u00e9rrez, record\u00f3 que esta ser\u00e1 la tercera edici\u00f3n del Mes de la Afrodescendencia en Tacuaremb\u00f3, iniciada en 2022 con la colaboraci\u00f3n de varias \u00e1reas de la Intendencia y las agrupaciones de negros y lubolos del departamento<\/p>\n","protected":false},"author":3,"featured_media":26465,"comment_status":"open","ping_status":"open","sticky":false,"template":"","format":"standard","meta":{"_eb_attr":"","footnotes":""},"categories":[16],"tags":[],"class_list":{"0":"post-26459","1":"post","2":"type-post","3":"status-publish","4":"format-standard","5":"has-post-thumbnail","7":"category-noticias"},"_links":{"self":[{"href":"https:\/\/tacuarembo.gub.uy\/index.php?rest_route=\/wp\/v2\/posts\/26459","targetHints":{"allow":["GET"]}}],"collection":[{"href":"https:\/\/tacuarembo.gub.uy\/index.php?rest_route=\/wp\/v2\/posts"}],"about":[{"href":"https:\/\/tacuarembo.gub.uy\/index.php?rest_route=\/wp\/v2\/types\/post"}],"author":[{"embeddable":true,"href":"https:\/\/tacuarembo.gub.uy\/index.php?rest_route=\/wp\/v2\/users\/3"}],"replies":[{"embeddable":true,"href":"https:\/\/tacuarembo.gub.uy\/index.php?rest_route=%2Fwp%2Fv2%2Fcomments&post=26459"}],"version-history":[{"count":1,"href":"https:\/\/tacuarembo.gub.uy\/index.php?rest_route=\/wp\/v2\/posts\/26459\/revisions"}],"predecessor-version":[{"id":26466,"href":"https:\/\/tacuarembo.gub.uy\/index.php?rest_route=\/wp\/v2\/posts\/26459\/revisions\/26466"}],"wp:featuredmedia":[{"embeddable":true,"href":"https:\/\/tacuarembo.gub.uy\/index.php?rest_route=\/wp\/v2\/media\/26465"}],"wp:attachment":[{"href":"https:\/\/tacuarembo.gub.uy\/index.php?rest_route=%2Fwp%2Fv2%2Fmedia&parent=26459"}],"wp:term":[{"taxonomy":"category","embeddable":true,"href":"https:\/\/tacuarembo.gub.uy\/index.php?rest_route=%2Fwp%2Fv2%2Fcategories&post=26459"},{"taxonomy":"post_tag","embeddable":true,"href":"https:\/\/tacuarembo.gub.uy\/index.php?rest_route=%2Fwp%2Fv2%2Ftags&post=26459"}],"curies":[{"name":"wp","href":"https:\/\/api.w.org\/{rel}","templated":true}]}}