{"id":26454,"date":"2024-07-15T16:09:15","date_gmt":"2024-07-15T19:09:15","guid":{"rendered":"https:\/\/tacuarembo.gub.uy\/?p=26454"},"modified":"2024-07-15T16:14:44","modified_gmt":"2024-07-15T19:14:44","slug":"comision-patriotica-de-tacuarembo1830-18-de-julio-2024jura-de-la-constituciondia-del-arma-de-infanteria","status":"publish","type":"post","link":"https:\/\/tacuarembo.gub.uy\/?p=26454","title":{"rendered":"Comisi\u00f3n Patri\u00f3tica de Tacuaremb\u00f31830 \u2013 18 de Julio &#8211; 2024Jura de la Constituci\u00f3n. D\u00eda del Arma de Infanter\u00eda"},"content":{"rendered":"\n<p>PROG<strong>RAMA<\/strong><\/p>\n\n\n\n<p>JUEVES 18 DE JULIO<br>SALIDA DEL SOL:<\/p>\n\n\n\n<ul class=\"wp-block-list\">\n<li>HORA 07:40 PLAZA 19 DE ABRIL<br>IZAMIENTO DE PABELLONES PATRIOS CON HONORES A CARGO DE JEFATURA DE POLIC\u00cdA.<\/li>\n\n\n\n<li>10:30 CONCENTRACI\u00d3N C\u00cdVICO MILITAR DE ABANDERADOS Y ESCOLTAS DE INSTITUCIONES Y ORGANISMOS P\u00daBLICOS Y PRIVADOS, ENSE\u00d1ANZA, CLUBES DE SERVICIO.<\/li>\n<\/ul>\n\n\n\n<p>HIMNO NACIONAL<\/p>\n\n\n\n<p>ORATORIA: EN REPRESENTACI\u00d3N DE LA COMISI\u00d3N PATRI\u00d3TICA DE TACUAREMB\u00d3, AUTORIDADES Y POBLACI\u00d3N, EL MENSAJE ESTAR\u00c1 A CARGO DE LA JUNTA DEPARTAMENTAL.<\/p>\n\n\n\n<p>OFRENDA FLORAL DE COMISI\u00d3N PATRI\u00d3TICA SEGUIDO DE TOQUE DE SILENCIO POR PARTE DEL TROMPA DEL REGIMIENTO \u201cMISIONES\u201d DE CABALLER\u00cdA BLINDADO N\u00ba 5.<\/p>\n\n\n\n<p>MARCHA: MI BANDERA Y RETIRO DE DELEGACIONES DE ABANDERADOS Y ESCOLTAS.<\/p>\n\n\n\n<p>ENTRADA DEL SOL:<\/p>\n\n\n\n<ul class=\"wp-block-list\">\n<li>HORA 18:01<br>ARRIAR PABELLONES PATRIOS CON HONORES A CARGO DE JEFATURA DE POLIC\u00cdA. LA COMISI\u00d3N PATRI\u00d3TICA DE TACUAREMB\u00d3 INVITA A LA POBLACI\u00d3N A PRESTIGIAR LOS ACTOS CON SU PRESENCIA, Y AL EMBANDERAMIENTO DE LA CIUDAD.<\/li>\n<\/ul>\n","protected":false},"excerpt":{"rendered":"<p>Programa jueves 18 de Julio<\/p>\n","protected":false},"author":3,"featured_media":26455,"comment_status":"open","ping_status":"open","sticky":false,"template":"","format":"standard","meta":{"_eb_attr":"","footnotes":""},"categories":[38],"tags":[],"class_list":{"0":"post-26454","1":"post","2":"type-post","3":"status-publish","4":"format-standard","5":"has-post-thumbnail","7":"category-comunicados-de-prensa"},"_links":{"self":[{"href":"https:\/\/tacuarembo.gub.uy\/index.php?rest_route=\/wp\/v2\/posts\/26454","targetHints":{"allow":["GET"]}}],"collection":[{"href":"https:\/\/tacuarembo.gub.uy\/index.php?rest_route=\/wp\/v2\/posts"}],"about":[{"href":"https:\/\/tacuarembo.gub.uy\/index.php?rest_route=\/wp\/v2\/types\/post"}],"author":[{"embeddable":true,"href":"https:\/\/tacuarembo.gub.uy\/index.php?rest_route=\/wp\/v2\/users\/3"}],"replies":[{"embeddable":true,"href":"https:\/\/tacuarembo.gub.uy\/index.php?rest_route=%2Fwp%2Fv2%2Fcomments&post=26454"}],"version-history":[{"count":2,"href":"https:\/\/tacuarembo.gub.uy\/index.php?rest_route=\/wp\/v2\/posts\/26454\/revisions"}],"predecessor-version":[{"id":26457,"href":"https:\/\/tacuarembo.gub.uy\/index.php?rest_route=\/wp\/v2\/posts\/26454\/revisions\/26457"}],"wp:featuredmedia":[{"embeddable":true,"href":"https:\/\/tacuarembo.gub.uy\/index.php?rest_route=\/wp\/v2\/media\/26455"}],"wp:attachment":[{"href":"https:\/\/tacuarembo.gub.uy\/index.php?rest_route=%2Fwp%2Fv2%2Fmedia&parent=26454"}],"wp:term":[{"taxonomy":"category","embeddable":true,"href":"https:\/\/tacuarembo.gub.uy\/index.php?rest_route=%2Fwp%2Fv2%2Fcategories&post=26454"},{"taxonomy":"post_tag","embeddable":true,"href":"https:\/\/tacuarembo.gub.uy\/index.php?rest_route=%2Fwp%2Fv2%2Ftags&post=26454"}],"curies":[{"name":"wp","href":"https:\/\/api.w.org\/{rel}","templated":true}]}}