{"id":26089,"date":"2024-06-17T16:24:41","date_gmt":"2024-06-17T19:24:41","guid":{"rendered":"https:\/\/tacuarembo.gub.uy\/?p=26089"},"modified":"2024-06-17T16:25:01","modified_gmt":"2024-06-17T19:25:01","slug":"comision-patriotica-de-tacuarembo1764-19-de-junio-2024-natalicio-del-procer-general-jose-g-artigas-jura-de-fidelidad-a-la-bandera-nacional-programa","status":"publish","type":"post","link":"https:\/\/tacuarembo.gub.uy\/?p=26089","title":{"rendered":"Comisi\u00f3n Patri\u00f3tica de Tacuaremb\u00f31764 \u2013 19 de Junio &#8211; 2024. Natalicio del Pr\u00f3cer General Jos\u00e9 G. Artigas. Jura de Fidelidad a la Bandera Nacional &#8211; PROGRAMA"},"content":{"rendered":"\n<p><\/p>\n\n\n\n<p><strong>MI\u00c9RCOLES 19 DE JUNIO<\/strong><\/p>\n\n\n\n<p>SALIDA DEL SOL:<\/p>\n\n\n\n<ul class=\"wp-block-list\">\n<li>HORA 07: 43 PLAZA 19 DE ABRIL<br>IZAMIENTO DE PABELLONES PATRIOS CON HONORES A CARGO DE JEFATURA DE POLIC\u00cdA DE TACUAREMB\u00d3.<\/li>\n\n\n\n<li>HORA 10:30: CONCENTRACI\u00d3N C\u00cdVICO MILITAR DE ABANDERADOS Y ESCOLTAS DE INSTITUCIONES Y ORGANISMOS P\u00daBLICOS Y PRIVADOS, ENSE\u00d1ANZA, CLUBES DE SERVICIO.<\/li>\n<\/ul>\n\n\n\n<p><strong>HIMNO NACIONAL<\/strong><\/p>\n\n\n\n<p>CANCI\u00d3N \u201cCAMINO AL AYU\u00cd\u201d DE LOS ZUCAR\u00c1 Y DAGOBERTO VAZ MENDOZA, ACOMPA\u00d1ADO DE UN FRAGMENTO DE UN TEXTO DE EDUARDO GALEANO, INTERPRETADO POR ALUMNAS DE 6\u00b0 A\u00d1O DE ESCUELA N\u00b0 149 DE BARRIO FERROCARRIL, MAITE R\u00cdOS Y CATALINA RODR\u00cdGUEZ, CON ACOMPA\u00d1AMIENTO EN GUITARRA DE JUAN PABLO SILVA.<\/p>\n\n\n\n<p>DANZA A CARGO DEL ELENCO ESTABLE DE CASA DE LA CULTURA DIRIGIDO POR LA PROF. MAR\u00cdA JULIA MACHADO<\/p>\n\n\n\n<p>TOMA DE JURAMENTO DE FIDELIDAD A LA BANDERA NACIONAL.<\/p>\n\n\n\n<p>ORATORIA: EN REPRESENTACI\u00d3N DE COMISI\u00d3N PATRI\u00d3TICA DE TACUAREMB\u00d3, AUTORIDADES Y POBLACI\u00d3N, A CARGO DE SECUNDARIA, ALUMNAS LICEO N\u00b0 4, 1\u00b0 DE BACHILLERATO: IARA PEREIRA ALONSO Y YASM\u00cdN L\u00d3PEZ CLARO.<\/p>\n\n\n\n<p>OFRENDA FLORAL: DE COMISI\u00d3N PATRI\u00d3TICA ACOMPA\u00d1ADA DE TOQUE DE SILENCIO POR PARTE DEL TROMPA DEL REGIMIENTO \u201cMISIONES\u201d DE CABALLER\u00cdA BLINDADO N\u00ba 5.<\/p>\n\n\n\n<p>MARCHA: MI BANDERA, Y RETIRO DE DELEGACIONES DE ABANDERADOS Y ESCOLTAS.<\/p>\n\n\n\n<p>ENTRADA DEL SOL:<\/p>\n\n\n\n<ul class=\"wp-block-list\">\n<li>HORA 17:41: ARRIAR PABELLONES PATRIOS CON HONORES.<\/li>\n\n\n\n<li>HORA 20:00 TEATRO ESCAYOLA EN EL D\u00cdA DE LOS ABUELOS, CORO CARLOS GARDEL.<\/li>\n<\/ul>\n\n\n\n<p>LA COMISI\u00d3N PATRI\u00d3TICA DE TACUAREMB\u00d3 INVITA A LA POBLACI\u00d3N A PRESTIGIAR LOS ACTOS CON SU PRESENCIA, Y AL EMBANDERAMIENTO DE LA CIUDAD.<\/p>\n\n\n\n<div data-wp-interactive=\"core\/file\" class=\"wp-block-file\"><object data-wp-bind--hidden=\"!state.hasPdfPreview\" hidden class=\"wp-block-file__embed\" data=\"https:\/\/tacuarembo.gub.uy\/wp-content\/uploads\/19JUNIO-2.pdf\" type=\"application\/pdf\" style=\"width:100%;height:600px\" aria-label=\"PDF incrustado\"><\/object><a href=\"https:\/\/tacuarembo.gub.uy\/wp-content\/uploads\/19JUNIO-2.pdf\" class=\"wp-block-file__button wp-element-button\" download>Descargar Programa<\/a><\/div>\n","protected":false},"excerpt":{"rendered":"<p>Ver Programaci\u00f3n<\/p>\n","protected":false},"author":3,"featured_media":26090,"comment_status":"open","ping_status":"open","sticky":false,"template":"","format":"standard","meta":{"_eb_attr":"","footnotes":""},"categories":[38],"tags":[],"class_list":{"0":"post-26089","1":"post","2":"type-post","3":"status-publish","4":"format-standard","5":"has-post-thumbnail","7":"category-comunicados-de-prensa"},"_links":{"self":[{"href":"https:\/\/tacuarembo.gub.uy\/index.php?rest_route=\/wp\/v2\/posts\/26089","targetHints":{"allow":["GET"]}}],"collection":[{"href":"https:\/\/tacuarembo.gub.uy\/index.php?rest_route=\/wp\/v2\/posts"}],"about":[{"href":"https:\/\/tacuarembo.gub.uy\/index.php?rest_route=\/wp\/v2\/types\/post"}],"author":[{"embeddable":true,"href":"https:\/\/tacuarembo.gub.uy\/index.php?rest_route=\/wp\/v2\/users\/3"}],"replies":[{"embeddable":true,"href":"https:\/\/tacuarembo.gub.uy\/index.php?rest_route=%2Fwp%2Fv2%2Fcomments&post=26089"}],"version-history":[{"count":1,"href":"https:\/\/tacuarembo.gub.uy\/index.php?rest_route=\/wp\/v2\/posts\/26089\/revisions"}],"predecessor-version":[{"id":26092,"href":"https:\/\/tacuarembo.gub.uy\/index.php?rest_route=\/wp\/v2\/posts\/26089\/revisions\/26092"}],"wp:featuredmedia":[{"embeddable":true,"href":"https:\/\/tacuarembo.gub.uy\/index.php?rest_route=\/wp\/v2\/media\/26090"}],"wp:attachment":[{"href":"https:\/\/tacuarembo.gub.uy\/index.php?rest_route=%2Fwp%2Fv2%2Fmedia&parent=26089"}],"wp:term":[{"taxonomy":"category","embeddable":true,"href":"https:\/\/tacuarembo.gub.uy\/index.php?rest_route=%2Fwp%2Fv2%2Fcategories&post=26089"},{"taxonomy":"post_tag","embeddable":true,"href":"https:\/\/tacuarembo.gub.uy\/index.php?rest_route=%2Fwp%2Fv2%2Ftags&post=26089"}],"curies":[{"name":"wp","href":"https:\/\/api.w.org\/{rel}","templated":true}]}}