{"id":25949,"date":"2024-06-06T21:20:40","date_gmt":"2024-06-07T00:20:40","guid":{"rendered":"https:\/\/tacuarembo.gub.uy\/?p=25949"},"modified":"2024-06-06T21:20:42","modified_gmt":"2024-06-07T00:20:42","slug":"la-idt-invita-a-la-conferencia-carlos-gardel-de-tacuarembo-al-abasto","status":"publish","type":"post","link":"https:\/\/tacuarembo.gub.uy\/?p=25949","title":{"rendered":"La IDT invita a la conferencia \u00abCarlos Gardel: De Tacuaremb\u00f3 al Abasto\u00bb"},"content":{"rendered":"\n<p>La presentaci\u00f3n estar\u00e1 a cargo de la reconocida investigadora Martina I\u00f1iguez, mayor defensora de la tesis del Gardel tacuaremboense, propone adentrarse en la vida y obra del cantante y compositor.<\/p>\n\n\n\n<p>I\u00f1iguez es autora del libro \u00abCarlos Gardel: su biograf\u00eda oculta, entre 1846 y 1912\u00bb, ha dedicado a\u00f1os a investigar la vida y el origen del famoso cantante de tango.<br>Una oportunidad \u00fanica para aprender sobre uno de los artistas m\u00e1s importantes de Am\u00e9rica Latina de la mano de una experta en el tema.<\/p>\n\n\n\n<p>La invitaci\u00f3n es para el domingo 9 de junio a las 20:30 horas en el Teatro Goyenola, la entrada es libre y gratuita.<\/p>\n\n\n\n<figure class=\"wp-block-image size-full\"><img loading=\"lazy\" decoding=\"async\" width=\"1600\" height=\"1600\" src=\"https:\/\/tacuarembo.gub.uy\/wp-content\/uploads\/1000102915.jpg\" alt=\"\" class=\"wp-image-25950\" srcset=\"https:\/\/tacuarembo.gub.uy\/wp-content\/uploads\/1000102915.jpg 1600w, https:\/\/tacuarembo.gub.uy\/wp-content\/uploads\/1000102915-768x768.jpg 768w, https:\/\/tacuarembo.gub.uy\/wp-content\/uploads\/1000102915-1536x1536.jpg 1536w\" sizes=\"auto, (max-width: 1600px) 100vw, 1600px\" \/><\/figure>\n","protected":false},"excerpt":{"rendered":"<p>La presentaci\u00f3n estar\u00e1 a cargo de la reconocida investigadora Martina I\u00f1iguez, mayor defensora de la tesis del Gardel tacuaremboense, propone adentrarse en la vida y obra del cantante y compositor<\/p>\n","protected":false},"author":3,"featured_media":25950,"comment_status":"open","ping_status":"open","sticky":false,"template":"","format":"standard","meta":{"_eb_attr":"","footnotes":""},"categories":[16],"tags":[],"class_list":{"0":"post-25949","1":"post","2":"type-post","3":"status-publish","4":"format-standard","5":"has-post-thumbnail","7":"category-noticias"},"_links":{"self":[{"href":"https:\/\/tacuarembo.gub.uy\/index.php?rest_route=\/wp\/v2\/posts\/25949","targetHints":{"allow":["GET"]}}],"collection":[{"href":"https:\/\/tacuarembo.gub.uy\/index.php?rest_route=\/wp\/v2\/posts"}],"about":[{"href":"https:\/\/tacuarembo.gub.uy\/index.php?rest_route=\/wp\/v2\/types\/post"}],"author":[{"embeddable":true,"href":"https:\/\/tacuarembo.gub.uy\/index.php?rest_route=\/wp\/v2\/users\/3"}],"replies":[{"embeddable":true,"href":"https:\/\/tacuarembo.gub.uy\/index.php?rest_route=%2Fwp%2Fv2%2Fcomments&post=25949"}],"version-history":[{"count":1,"href":"https:\/\/tacuarembo.gub.uy\/index.php?rest_route=\/wp\/v2\/posts\/25949\/revisions"}],"predecessor-version":[{"id":25951,"href":"https:\/\/tacuarembo.gub.uy\/index.php?rest_route=\/wp\/v2\/posts\/25949\/revisions\/25951"}],"wp:featuredmedia":[{"embeddable":true,"href":"https:\/\/tacuarembo.gub.uy\/index.php?rest_route=\/wp\/v2\/media\/25950"}],"wp:attachment":[{"href":"https:\/\/tacuarembo.gub.uy\/index.php?rest_route=%2Fwp%2Fv2%2Fmedia&parent=25949"}],"wp:term":[{"taxonomy":"category","embeddable":true,"href":"https:\/\/tacuarembo.gub.uy\/index.php?rest_route=%2Fwp%2Fv2%2Fcategories&post=25949"},{"taxonomy":"post_tag","embeddable":true,"href":"https:\/\/tacuarembo.gub.uy\/index.php?rest_route=%2Fwp%2Fv2%2Ftags&post=25949"}],"curies":[{"name":"wp","href":"https:\/\/api.w.org\/{rel}","templated":true}]}}