{"id":25902,"date":"2024-06-05T17:47:24","date_gmt":"2024-06-05T20:47:24","guid":{"rendered":"https:\/\/tacuarembo.gub.uy\/?p=25902"},"modified":"2024-06-05T17:48:28","modified_gmt":"2024-06-05T20:48:28","slug":"cerro-el-proyecto-economia-circular-las-intendencias-de-tacuarembo-y-rivera-caminan-hacia-un-desarrollo-comun-dando-solucion-a-la-problematica-de-residuos-madereros","status":"publish","type":"post","link":"https:\/\/tacuarembo.gub.uy\/?p=25902","title":{"rendered":"Cerr\u00f3 el Proyecto Econom\u00eda Circular, las Intendencias de Tacuaremb\u00f3 y Rivera caminan hacia un desarrollo com\u00fan dando soluci\u00f3n a la problem\u00e1tica de residuos madereros"},"content":{"rendered":"\n<p><br>Las Direcciones de Ambiente y de Proyectos de la Intendencia de Tacuaremb\u00f3 trabajaron en conjunto en el proyecto de econom\u00eda circular aportando soluciones para dar valor a residuos de aserraderos, que carec\u00edan de un destino adecuado para el medio ambiente y para los habitantes. Ahora esos residuos de los aserraderos se transforman en biomasa y energ\u00eda.Jorge Castelli, Director de Ambiente, inform\u00f3 que la problem\u00e1tica surge del planteo de un Caif, vecino a una maderera, los residuos imped\u00edan un buen funcionamiento del centro.<br>Mediante un an\u00e1lisis de la situaci\u00f3n, junto con el equipo de trabajo de Pedro Permanyer (Direcci\u00f3n de Proyectos IDT y Director de Ambiente), se conocieron las necesidades de la empresa y se busc\u00f3 darle valor al subproducto, sin verlo como residuo.<br>La problem\u00e1tica se convirti\u00f3 en un proyecto en conjunto con la Intendencia de Rivera y se aportaron soluciones, con el aporte de varios actores se comenzaron a entregar bolsones para recolecci\u00f3n del residuo, se consigui\u00f3 un cami\u00f3n para retirar el mismo y luego en el vertedero darle un fin de reutilizaci\u00f3n.<br>El proyecto Econom\u00eda Circular: Innovaci\u00f3n y desarrollo sustentable de la industria de la madera est\u00e1 integrado a la iniciativa Facilidad de Desarrollo en Transici\u00f3n del Fondo Bilateral de la Uni\u00f3n Europea y AUCI (UE-AUCI).<\/p>\n\n\n\n<div class=\"wp-block-image-gallery-block-image-gallery-block\"><div class=\"eb-parent-wrapper eb-parent-eb-image-gallery-739ev \"><div class=\"eb-gallery-img-wrapper eb-image-gallery-739ev grid overlay-bottom caption-style-0   no-isotope \" data-id=\"eb-image-gallery-739ev\"><a href=\"https:\/\/tacuarembo.gub.uy\/wp-content\/uploads\/WhatsApp-Image-2024-06-05-at-17.20.581.jpeg\" rel=\"noopener\" data-fslightbox=\"gallery\" data-type=\"image\" class=\"eb-gallery-img-content eb-filter-img-\"><span class=\"eb-gallery-link-wrapper\"><img decoding=\"async\" class=\"eb-gallery-img\" src=\"https:\/\/tacuarembo.gub.uy\/wp-content\/uploads\/WhatsApp-Image-2024-06-05-at-17.20.581.jpeg\" image-index=\"0\" alt=\"\"\/><\/span><\/a><a href=\"https:\/\/tacuarembo.gub.uy\/wp-content\/uploads\/WhatsApp-Image-2024-06-05-at-17.20.58.jpeg\" rel=\"noopener\" data-fslightbox=\"gallery\" data-type=\"image\" class=\"eb-gallery-img-content eb-filter-img-\"><span class=\"eb-gallery-link-wrapper\"><img decoding=\"async\" class=\"eb-gallery-img\" src=\"https:\/\/tacuarembo.gub.uy\/wp-content\/uploads\/WhatsApp-Image-2024-06-05-at-17.20.58.jpeg\" image-index=\"1\" alt=\"\"\/><\/span><\/a><\/div><\/div><\/div>\n","protected":false},"excerpt":{"rendered":"<p>Las Direcciones de Ambiente y de Proyectos de la Intendencia de Tacuaremb\u00f3 trabajaron en conjunto en el proyecto de econom\u00eda circular aportando soluciones para dar valor a residuos de aserraderos, que carec\u00edan de un destino adecuado para el medio ambiente y para los habitantes<\/p>\n","protected":false},"author":3,"featured_media":25903,"comment_status":"open","ping_status":"open","sticky":false,"template":"","format":"standard","meta":{"_eb_attr":"","footnotes":""},"categories":[16],"tags":[],"class_list":{"0":"post-25902","1":"post","2":"type-post","3":"status-publish","4":"format-standard","5":"has-post-thumbnail","7":"category-noticias"},"_links":{"self":[{"href":"https:\/\/tacuarembo.gub.uy\/index.php?rest_route=\/wp\/v2\/posts\/25902","targetHints":{"allow":["GET"]}}],"collection":[{"href":"https:\/\/tacuarembo.gub.uy\/index.php?rest_route=\/wp\/v2\/posts"}],"about":[{"href":"https:\/\/tacuarembo.gub.uy\/index.php?rest_route=\/wp\/v2\/types\/post"}],"author":[{"embeddable":true,"href":"https:\/\/tacuarembo.gub.uy\/index.php?rest_route=\/wp\/v2\/users\/3"}],"replies":[{"embeddable":true,"href":"https:\/\/tacuarembo.gub.uy\/index.php?rest_route=%2Fwp%2Fv2%2Fcomments&post=25902"}],"version-history":[{"count":3,"href":"https:\/\/tacuarembo.gub.uy\/index.php?rest_route=\/wp\/v2\/posts\/25902\/revisions"}],"predecessor-version":[{"id":25909,"href":"https:\/\/tacuarembo.gub.uy\/index.php?rest_route=\/wp\/v2\/posts\/25902\/revisions\/25909"}],"wp:featuredmedia":[{"embeddable":true,"href":"https:\/\/tacuarembo.gub.uy\/index.php?rest_route=\/wp\/v2\/media\/25903"}],"wp:attachment":[{"href":"https:\/\/tacuarembo.gub.uy\/index.php?rest_route=%2Fwp%2Fv2%2Fmedia&parent=25902"}],"wp:term":[{"taxonomy":"category","embeddable":true,"href":"https:\/\/tacuarembo.gub.uy\/index.php?rest_route=%2Fwp%2Fv2%2Fcategories&post=25902"},{"taxonomy":"post_tag","embeddable":true,"href":"https:\/\/tacuarembo.gub.uy\/index.php?rest_route=%2Fwp%2Fv2%2Ftags&post=25902"}],"curies":[{"name":"wp","href":"https:\/\/api.w.org\/{rel}","templated":true}]}}