{"id":25896,"date":"2024-06-05T13:45:23","date_gmt":"2024-06-05T16:45:23","guid":{"rendered":"https:\/\/tacuarembo.gub.uy\/?p=25896"},"modified":"2024-06-05T13:45:25","modified_gmt":"2024-06-05T16:45:25","slug":"la-idt-lanzo-los-talleres-de-orientacion-laboral-para-jovenes","status":"publish","type":"post","link":"https:\/\/tacuarembo.gub.uy\/?p=25896","title":{"rendered":"La IDT lanz\u00f3 los talleres de orientaci\u00f3n laboral para j\u00f3venes"},"content":{"rendered":"\n<p>La Direcci\u00f3n de Juventud de la Intendencia de Tacuaremb\u00f3 trabaja desde 2022 en la promoci\u00f3n de pol\u00edticas laborales para j\u00f3venes mediante talleres de orientaci\u00f3n que se dictan en distintas localidades y la capital departamental.<\/p>\n\n\n\n<p>Los talleres son una herramienta para fomentar la b\u00fasqueda de empleo mediante la ense\u00f1anza de la elaboraci\u00f3n de un curr\u00edculum vitae, as\u00ed como tambi\u00e9n en aspectos te\u00f3ricos y pr\u00e1cticos relativos a una entrevista laboral.<\/p>\n\n\n\n<p>El Director de Juventud de la IDT, Camilo Guti\u00e9rrez, inform\u00f3 que existe una problem\u00e1tica en los j\u00f3venes para acceder a su primer empleo debido a barreras como la carencia de preparaci\u00f3n para enfrentar este desaf\u00edo, \u201cse presentan dificultades como no saber qu\u00e9 decir en una entrevista laboral o c\u00f3mo hacer su curriculum vitae de forma correcta\u201d.<\/p>\n\n\n\n<p>Un 70 por ciento de los j\u00f3venes accede a su primer empleo a trav\u00e9s de recomendaciones de allegados, por eso desde la IDT se entiende fundamental la preparaci\u00f3n para ese camino.<\/p>\n\n\n\n<p>El pr\u00f3ximo jueves 6 de junio a las 19 horas comienzan los talleres de orientaci\u00f3n laboral en el anexo de la Intendencia, y luego distintas localidades del departamento. El Licenciado Rodrigo Galarraga en representaci\u00f3n de la IDT explic\u00f3 que son gratuitos y se invita a participar a todos los j\u00f3venes interesados.<\/p>\n\n\n\n<p>Ser\u00e1n tres m\u00f3dulos educativos, en primera instancia como se elabora un CV, seguido por la preparaci\u00f3n para afrontar una entrevista laboral y por \u00faltimo se suma el uso de la tecnolog\u00eda en la b\u00fasqueda laboral.<\/p>\n\n\n\n<figure class=\"wp-block-image size-full\"><img loading=\"lazy\" decoding=\"async\" width=\"1080\" height=\"1080\" src=\"https:\/\/tacuarembo.gub.uy\/wp-content\/uploads\/WhatsApp-Image-2024-06-05-at-13.42.17.jpeg\" alt=\"\" class=\"wp-image-25898\" srcset=\"https:\/\/tacuarembo.gub.uy\/wp-content\/uploads\/WhatsApp-Image-2024-06-05-at-13.42.17.jpeg 1080w, https:\/\/tacuarembo.gub.uy\/wp-content\/uploads\/WhatsApp-Image-2024-06-05-at-13.42.17-768x768.jpeg 768w\" sizes=\"auto, (max-width: 1080px) 100vw, 1080px\" \/><\/figure>\n\n\n\n<figure class=\"wp-block-image size-full\"><img loading=\"lazy\" decoding=\"async\" width=\"1080\" height=\"1080\" src=\"https:\/\/tacuarembo.gub.uy\/wp-content\/uploads\/WhatsApp-Image-2024-06-05-at-13.42.171.jpeg\" alt=\"\" class=\"wp-image-25900\" srcset=\"https:\/\/tacuarembo.gub.uy\/wp-content\/uploads\/WhatsApp-Image-2024-06-05-at-13.42.171.jpeg 1080w, https:\/\/tacuarembo.gub.uy\/wp-content\/uploads\/WhatsApp-Image-2024-06-05-at-13.42.171-768x768.jpeg 768w\" sizes=\"auto, (max-width: 1080px) 100vw, 1080px\" \/><\/figure>\n","protected":false},"excerpt":{"rendered":"<p>La Direcci\u00f3n de Juventud de la Intendencia de Tacuaremb\u00f3 trabaja desde 2022 en la promoci\u00f3n de pol\u00edticas laborales para j\u00f3venes mediante talleres de orientaci\u00f3n que se dictan en distintas localidades y la capital departamental<\/p>\n","protected":false},"author":3,"featured_media":25897,"comment_status":"open","ping_status":"open","sticky":false,"template":"","format":"standard","meta":{"_eb_attr":"","footnotes":""},"categories":[16],"tags":[],"class_list":{"0":"post-25896","1":"post","2":"type-post","3":"status-publish","4":"format-standard","5":"has-post-thumbnail","7":"category-noticias"},"_links":{"self":[{"href":"https:\/\/tacuarembo.gub.uy\/index.php?rest_route=\/wp\/v2\/posts\/25896","targetHints":{"allow":["GET"]}}],"collection":[{"href":"https:\/\/tacuarembo.gub.uy\/index.php?rest_route=\/wp\/v2\/posts"}],"about":[{"href":"https:\/\/tacuarembo.gub.uy\/index.php?rest_route=\/wp\/v2\/types\/post"}],"author":[{"embeddable":true,"href":"https:\/\/tacuarembo.gub.uy\/index.php?rest_route=\/wp\/v2\/users\/3"}],"replies":[{"embeddable":true,"href":"https:\/\/tacuarembo.gub.uy\/index.php?rest_route=%2Fwp%2Fv2%2Fcomments&post=25896"}],"version-history":[{"count":1,"href":"https:\/\/tacuarembo.gub.uy\/index.php?rest_route=\/wp\/v2\/posts\/25896\/revisions"}],"predecessor-version":[{"id":25901,"href":"https:\/\/tacuarembo.gub.uy\/index.php?rest_route=\/wp\/v2\/posts\/25896\/revisions\/25901"}],"wp:featuredmedia":[{"embeddable":true,"href":"https:\/\/tacuarembo.gub.uy\/index.php?rest_route=\/wp\/v2\/media\/25897"}],"wp:attachment":[{"href":"https:\/\/tacuarembo.gub.uy\/index.php?rest_route=%2Fwp%2Fv2%2Fmedia&parent=25896"}],"wp:term":[{"taxonomy":"category","embeddable":true,"href":"https:\/\/tacuarembo.gub.uy\/index.php?rest_route=%2Fwp%2Fv2%2Fcategories&post=25896"},{"taxonomy":"post_tag","embeddable":true,"href":"https:\/\/tacuarembo.gub.uy\/index.php?rest_route=%2Fwp%2Fv2%2Ftags&post=25896"}],"curies":[{"name":"wp","href":"https:\/\/api.w.org\/{rel}","templated":true}]}}