{"id":25867,"date":"2024-06-04T15:28:55","date_gmt":"2024-06-04T18:28:55","guid":{"rendered":"https:\/\/tacuarembo.gub.uy\/?p=25867"},"modified":"2024-06-04T15:28:57","modified_gmt":"2024-06-04T18:28:57","slug":"la-idt-dio-inicio-a-los-cursos-y-talleres-2024-en-la-nueva-sede-de-la-casa-de-la-cultura","status":"publish","type":"post","link":"https:\/\/tacuarembo.gub.uy\/?p=25867","title":{"rendered":"La IDT dio inicio a los cursos y talleres 2024 en la nueva sede de la Casa de la Cultura"},"content":{"rendered":"\n<p>Desde la Direcci\u00f3n General de Educaci\u00f3n y Cultura de Tacuaremb\u00f3 se trabaja en fomentar constantemente la capacitaci\u00f3n y educaci\u00f3n de los habitantes poniendo al alcance de interesados cursos y talleres en distintas \u00e1reas.<\/p>\n\n\n\n<p>Esta semana comenzaron las clases con diversas y variadas propuestas. Se recuerda que se dictan en la nueva sede de la Casa de la Cultura de Tacuaremb\u00f3, ubicada en calle Sarand\u00ed N\u00b0256, esquina Treinta y Tres Orientales.<\/p>\n\n\n\n<p>La IDT comunica que hay disponibilidad de cupos, quienes est\u00e9n interesados y a\u00fan no se hayan inscripto deben dirigirse a secretar\u00eda de la instituci\u00f3n de 8 a 18 horas.<\/p>\n\n\n\n<p><strong>Horarios:<\/strong><\/p>\n\n\n\n<p>Inform\u00e1tica: clases los d\u00edas lunes y mi\u00e9rcoles de 8:00 a 11:00 y 14:00 a 18:30 horas.<\/p>\n\n\n\n<p>Ajedrez: clases martes, mi\u00e9rcoles, jueves y viernes de 19:00 a 22:00 horas.<\/p>\n\n\n\n<p>Periodismo: clases los d\u00edas lunes y mi\u00e9rcoles de 18:00 a 20:00 y 15:00 a 17:00 horas.<\/p>\n\n\n\n<p>Caricatura: clases los d\u00edas lunes, mi\u00e9rcoles y viernes de 15:00 a 20:00 horas y martes y jueves de 9:00 a 11:00 horas.<\/p>\n\n\n\n<p>Los interesados deben pasar por secretar\u00eda de la instituci\u00f3n de 8 a 18 horas.<\/p>\n\n\n\n<figure class=\"wp-block-image size-large\"><img loading=\"lazy\" decoding=\"async\" width=\"800\" height=\"420\" src=\"https:\/\/tacuarembo.gub.uy\/wp-content\/uploads\/WhatsApp-Image-2024-06-04-at-15.26.49-800x420.jpeg\" alt=\"\" class=\"wp-image-25868\"\/><\/figure>\n","protected":false},"excerpt":{"rendered":"<p>Desde la Direcci\u00f3n General de Educaci\u00f3n y Cultura de Tacuaremb\u00f3 se trabaja en fomentar constantemente la capacitaci\u00f3n y educaci\u00f3n de los habitantes poniendo al alcance de interesados cursos y talleres en distintas \u00e1reas<\/p>\n","protected":false},"author":3,"featured_media":25868,"comment_status":"open","ping_status":"open","sticky":false,"template":"","format":"standard","meta":{"_eb_attr":"","footnotes":""},"categories":[16],"tags":[],"class_list":{"0":"post-25867","1":"post","2":"type-post","3":"status-publish","4":"format-standard","5":"has-post-thumbnail","7":"category-noticias"},"_links":{"self":[{"href":"https:\/\/tacuarembo.gub.uy\/index.php?rest_route=\/wp\/v2\/posts\/25867","targetHints":{"allow":["GET"]}}],"collection":[{"href":"https:\/\/tacuarembo.gub.uy\/index.php?rest_route=\/wp\/v2\/posts"}],"about":[{"href":"https:\/\/tacuarembo.gub.uy\/index.php?rest_route=\/wp\/v2\/types\/post"}],"author":[{"embeddable":true,"href":"https:\/\/tacuarembo.gub.uy\/index.php?rest_route=\/wp\/v2\/users\/3"}],"replies":[{"embeddable":true,"href":"https:\/\/tacuarembo.gub.uy\/index.php?rest_route=%2Fwp%2Fv2%2Fcomments&post=25867"}],"version-history":[{"count":1,"href":"https:\/\/tacuarembo.gub.uy\/index.php?rest_route=\/wp\/v2\/posts\/25867\/revisions"}],"predecessor-version":[{"id":25869,"href":"https:\/\/tacuarembo.gub.uy\/index.php?rest_route=\/wp\/v2\/posts\/25867\/revisions\/25869"}],"wp:featuredmedia":[{"embeddable":true,"href":"https:\/\/tacuarembo.gub.uy\/index.php?rest_route=\/wp\/v2\/media\/25868"}],"wp:attachment":[{"href":"https:\/\/tacuarembo.gub.uy\/index.php?rest_route=%2Fwp%2Fv2%2Fmedia&parent=25867"}],"wp:term":[{"taxonomy":"category","embeddable":true,"href":"https:\/\/tacuarembo.gub.uy\/index.php?rest_route=%2Fwp%2Fv2%2Fcategories&post=25867"},{"taxonomy":"post_tag","embeddable":true,"href":"https:\/\/tacuarembo.gub.uy\/index.php?rest_route=%2Fwp%2Fv2%2Ftags&post=25867"}],"curies":[{"name":"wp","href":"https:\/\/api.w.org\/{rel}","templated":true}]}}