{"id":25853,"date":"2024-06-03T11:51:07","date_gmt":"2024-06-03T14:51:07","guid":{"rendered":"https:\/\/tacuarembo.gub.uy\/?p=25853"},"modified":"2024-06-03T11:51:08","modified_gmt":"2024-06-03T14:51:08","slug":"tacuarembo-tendra-la-primera-expo-sostenible","status":"publish","type":"post","link":"https:\/\/tacuarembo.gub.uy\/?p=25853","title":{"rendered":"Tacuaremb\u00f3 tendr\u00e1 la primera Expo Sostenible"},"content":{"rendered":"\n<p>En el marco del D\u00eda Mundial del Medio Ambiente que se celebra el pr\u00f3ximo 5 de junio la IDT organiz\u00f3 la primera Expo Sostenible con stands en la plaza 19 de Abril.<br>Desde la Direcci\u00f3n de Ambiente, su titular Jorge Castelli agradeci\u00f3 a quienes han hecho posible la organizaci\u00f3n del evento, \u201cesto es un espaldarazo a quienes a diario trabajan en pos de la mejor investigaci\u00f3n y del cuidado del ambiente.<br>En la exposici\u00f3n estar\u00e1n presentes centros educativos, liceos y diversos actores de la sociedad dedicados a la tem\u00e1tica ambiental.<\/p>\n\n\n\n<p>En tanto, el Dr. Mart\u00edn Martinicorena inform\u00f3 que ser\u00e1n quince los proyectos de diversas escuelas de Tacuaremb\u00f3 que estar\u00e1n presentes en la exposici\u00f3n, adem\u00e1s tambi\u00e9n tendr\u00e1 la presencia de emprendedores ambientales y personas vinculadas a la tem\u00e1tica.<br>A\u00fan hay tiempo para quienes est\u00e9n interesados en exponer sus proyectos, podr\u00e1n acercarse a la IDT y recibir informaci\u00f3n.<\/p>\n\n\n\n<p>De este lanzamiento tambi\u00e9n particip\u00f3 Marianella de Barros, emprendedora ambiental que expondr\u00e1 sus prendas sustentables, finalizando con un desfile de su colecci\u00f3n y taller de reciclaje, \u201cser\u00e1n siete vestimentas y accesorios hechos con frasco de shampoo\u201d.<br>y un taller para los ni\u00f1os\u201d<\/p>\n\n\n\n<figure class=\"wp-block-image size-full\"><img loading=\"lazy\" decoding=\"async\" width=\"1600\" height=\"1200\" src=\"https:\/\/tacuarembo.gub.uy\/wp-content\/uploads\/WhatsApp-Image-2024-06-03-at-11.49.40.jpeg\" alt=\"\" class=\"wp-image-25854\" srcset=\"https:\/\/tacuarembo.gub.uy\/wp-content\/uploads\/WhatsApp-Image-2024-06-03-at-11.49.40.jpeg 1600w, https:\/\/tacuarembo.gub.uy\/wp-content\/uploads\/WhatsApp-Image-2024-06-03-at-11.49.40-768x576.jpeg 768w, https:\/\/tacuarembo.gub.uy\/wp-content\/uploads\/WhatsApp-Image-2024-06-03-at-11.49.40-1536x1152.jpeg 1536w\" sizes=\"auto, (max-width: 1600px) 100vw, 1600px\" \/><\/figure>\n","protected":false},"excerpt":{"rendered":"<p>En el marco del D\u00eda Mundial del Medio Ambiente que se celebra el pr\u00f3ximo 5 de junio la IDT organiz\u00f3 la primera Expo Sostenible con stands en la plaza 19 de Abril.<br \/>\nDesde la Direcci\u00f3n de Ambiente, su titular Jorge Castelli agradeci\u00f3 a quienes han hecho posible la organizaci\u00f3n del evento, \u201cesto es un espaldarazo a quienes a diario trabajan en pos de la mejor investigaci\u00f3n y del cuidado del ambiente.<br \/>\nEn la exposici\u00f3n estar\u00e1n presentes centros educativos, liceos y diversos actores de la sociedad dedicados a la tem\u00e1tica ambiental<\/p>\n","protected":false},"author":3,"featured_media":25854,"comment_status":"open","ping_status":"open","sticky":false,"template":"","format":"standard","meta":{"_eb_attr":"","footnotes":""},"categories":[16],"tags":[],"class_list":{"0":"post-25853","1":"post","2":"type-post","3":"status-publish","4":"format-standard","5":"has-post-thumbnail","7":"category-noticias"},"_links":{"self":[{"href":"https:\/\/tacuarembo.gub.uy\/index.php?rest_route=\/wp\/v2\/posts\/25853","targetHints":{"allow":["GET"]}}],"collection":[{"href":"https:\/\/tacuarembo.gub.uy\/index.php?rest_route=\/wp\/v2\/posts"}],"about":[{"href":"https:\/\/tacuarembo.gub.uy\/index.php?rest_route=\/wp\/v2\/types\/post"}],"author":[{"embeddable":true,"href":"https:\/\/tacuarembo.gub.uy\/index.php?rest_route=\/wp\/v2\/users\/3"}],"replies":[{"embeddable":true,"href":"https:\/\/tacuarembo.gub.uy\/index.php?rest_route=%2Fwp%2Fv2%2Fcomments&post=25853"}],"version-history":[{"count":1,"href":"https:\/\/tacuarembo.gub.uy\/index.php?rest_route=\/wp\/v2\/posts\/25853\/revisions"}],"predecessor-version":[{"id":25855,"href":"https:\/\/tacuarembo.gub.uy\/index.php?rest_route=\/wp\/v2\/posts\/25853\/revisions\/25855"}],"wp:featuredmedia":[{"embeddable":true,"href":"https:\/\/tacuarembo.gub.uy\/index.php?rest_route=\/wp\/v2\/media\/25854"}],"wp:attachment":[{"href":"https:\/\/tacuarembo.gub.uy\/index.php?rest_route=%2Fwp%2Fv2%2Fmedia&parent=25853"}],"wp:term":[{"taxonomy":"category","embeddable":true,"href":"https:\/\/tacuarembo.gub.uy\/index.php?rest_route=%2Fwp%2Fv2%2Fcategories&post=25853"},{"taxonomy":"post_tag","embeddable":true,"href":"https:\/\/tacuarembo.gub.uy\/index.php?rest_route=%2Fwp%2Fv2%2Ftags&post=25853"}],"curies":[{"name":"wp","href":"https:\/\/api.w.org\/{rel}","templated":true}]}}