{"id":25833,"date":"2024-05-31T10:17:53","date_gmt":"2024-05-31T13:17:53","guid":{"rendered":"https:\/\/tacuarembo.gub.uy\/?p=25833"},"modified":"2024-05-31T10:17:55","modified_gmt":"2024-05-31T13:17:55","slug":"tacuarembo-sera-sede-de-competencias-regionales-de-natacion","status":"publish","type":"post","link":"https:\/\/tacuarembo.gub.uy\/?p=25833","title":{"rendered":"Tacuaremb\u00f3 ser\u00e1 sede de competencias regionales de nataci\u00f3n"},"content":{"rendered":"\n<p>Nadadores infantiles y juveniles participar\u00e1n de dos instancias competitivas en Montevideo y Tacuaremb\u00f3, siendo eventos nacionales e internacionales, la primera ser\u00e1 el pr\u00f3ximo fin de semana en Montevideo. Los profesores y entrenadores de los planteles del POLIDEPORTIVO \u2013 IDT, N\u00e9stor Brocco y Darwin Iglesias acompa\u00f1ar\u00e1n a ni\u00f1os y j\u00f3venes a participar de los torneos en tres categor\u00edas, los eventos ser\u00e1n en el Viaducto y Pocitos.<br>Las competencias siguen el 8 de junio en el Polideportivo de Tacuaremb\u00f3 como sede internacional con la participaci\u00f3n del regional norte, all\u00ed la competencia ser\u00e1 de todas las categor\u00edas, pasando por preinfantiles desde 7 a\u00f1os hasta juveniles con 17 a\u00f1os.<br>Son unos cincuenta los que se entrenan en el polideportivo de la IDT, Iglesias inform\u00f3 que llegar\u00e1n competidores del litoral, \u201cnadadores de Salto, Paysand\u00fa, Bella Uni\u00f3n, Tacuaremb\u00f3 y hay posibilidades de que se sume Rivera\u201d.<br>Por otra parte, Brocco se\u00f1al\u00f3 que el nadador juvenil Diego Aranda intentar\u00e1 batir su r\u00e9cord para clasificar a los juegos ol\u00edmpicos, La competencia finalizar\u00e1 con charlas gratuitas a los profesores de Tacuaremb\u00f3 que est\u00e9n interesados.<\/p>\n\n\n\n<figure class=\"wp-block-image size-large\"><img loading=\"lazy\" decoding=\"async\" width=\"800\" height=\"420\" src=\"https:\/\/tacuarembo.gub.uy\/wp-content\/uploads\/WhatsApp-Image-2024-05-31-at-10.15.47-800x420.jpeg\" alt=\"\" class=\"wp-image-25834\"\/><\/figure>\n","protected":false},"excerpt":{"rendered":"<p>Nadadores infantiles y juveniles participar\u00e1n de dos instancias competitivas en Montevideo y Tacuaremb\u00f3, siendo eventos nacionales e internacionales, la primera ser\u00e1 el pr\u00f3ximo fin de semana en Montevideo. Los profesores y entrenadores de los planteles del POLIDEPORTIVO \u2013 IDT, N\u00e9stor Brocco y Darwin Iglesias acompa\u00f1ar\u00e1n a ni\u00f1os y j\u00f3venes a participar de los torneos en tres categor\u00edas, los eventos ser\u00e1n en el Viaducto y Pocitos<\/p>\n","protected":false},"author":3,"featured_media":25834,"comment_status":"open","ping_status":"open","sticky":false,"template":"","format":"standard","meta":{"_eb_attr":"","footnotes":""},"categories":[16],"tags":[],"class_list":{"0":"post-25833","1":"post","2":"type-post","3":"status-publish","4":"format-standard","5":"has-post-thumbnail","7":"category-noticias"},"_links":{"self":[{"href":"https:\/\/tacuarembo.gub.uy\/index.php?rest_route=\/wp\/v2\/posts\/25833","targetHints":{"allow":["GET"]}}],"collection":[{"href":"https:\/\/tacuarembo.gub.uy\/index.php?rest_route=\/wp\/v2\/posts"}],"about":[{"href":"https:\/\/tacuarembo.gub.uy\/index.php?rest_route=\/wp\/v2\/types\/post"}],"author":[{"embeddable":true,"href":"https:\/\/tacuarembo.gub.uy\/index.php?rest_route=\/wp\/v2\/users\/3"}],"replies":[{"embeddable":true,"href":"https:\/\/tacuarembo.gub.uy\/index.php?rest_route=%2Fwp%2Fv2%2Fcomments&post=25833"}],"version-history":[{"count":1,"href":"https:\/\/tacuarembo.gub.uy\/index.php?rest_route=\/wp\/v2\/posts\/25833\/revisions"}],"predecessor-version":[{"id":25835,"href":"https:\/\/tacuarembo.gub.uy\/index.php?rest_route=\/wp\/v2\/posts\/25833\/revisions\/25835"}],"wp:featuredmedia":[{"embeddable":true,"href":"https:\/\/tacuarembo.gub.uy\/index.php?rest_route=\/wp\/v2\/media\/25834"}],"wp:attachment":[{"href":"https:\/\/tacuarembo.gub.uy\/index.php?rest_route=%2Fwp%2Fv2%2Fmedia&parent=25833"}],"wp:term":[{"taxonomy":"category","embeddable":true,"href":"https:\/\/tacuarembo.gub.uy\/index.php?rest_route=%2Fwp%2Fv2%2Fcategories&post=25833"},{"taxonomy":"post_tag","embeddable":true,"href":"https:\/\/tacuarembo.gub.uy\/index.php?rest_route=%2Fwp%2Fv2%2Ftags&post=25833"}],"curies":[{"name":"wp","href":"https:\/\/api.w.org\/{rel}","templated":true}]}}