{"id":25830,"date":"2024-05-30T14:14:21","date_gmt":"2024-05-30T17:14:21","guid":{"rendered":"https:\/\/tacuarembo.gub.uy\/?p=25830"},"modified":"2024-05-30T14:14:23","modified_gmt":"2024-05-30T17:14:23","slug":"ministerio-de-turismo-promueve-taller-de-inclusion-y-accesibilidad-turistica-en-tacuarembo","status":"publish","type":"post","link":"https:\/\/tacuarembo.gub.uy\/?p=25830","title":{"rendered":"Ministerio de Turismo Promueve Taller de Inclusi\u00f3n y Accesibilidad Tur\u00edstica en Tacuaremb\u00f3"},"content":{"rendered":"\n<p>El Ministerio de Turismo, en colaboraci\u00f3n con la Secretar\u00eda Nacional de Cuidados y Discapacidad del Ministerio de Desarrollo Social y la Direcci\u00f3n de Turismo de Tacuaremb\u00f3, invita a participar en un taller sobre Inclusi\u00f3n, Buen Trato y Accesibilidad Tur\u00edstica.<\/p>\n\n\n\n<p>Este evento se llevar\u00e1 a cabo el pr\u00f3ximo martes 4 de junio, a las 15 horas, en el Complejo Barrios Amor\u00edn, ubicado en la esquina de Barrios Amor\u00edn y Rene Marino Rivero.<\/p>\n\n\n\n<p>El objetivo principal del taller es promover pr\u00e1cticas inclusivas y accesibles en el sector tur\u00edstico, garantizando una experiencia m\u00e1s equitativa para todas las personas, independientemente de sus capacidades. La jornada promete ser una oportunidad valiosa para profesionales del turismo, empresas y ciudadanos interesados en fomentar un ambiente m\u00e1s inclusivo y acogedor.<\/p>\n\n\n\n<p>La participaci\u00f3n en este taller es gratuita y abierta a todo p\u00fablico, subrayando el compromiso de la comunidad y las instituciones locales en la construcci\u00f3n de un turismo m\u00e1s accesible y respetuoso.<\/p>\n\n\n\n<figure class=\"wp-block-image size-large\"><img loading=\"lazy\" decoding=\"async\" width=\"800\" height=\"420\" src=\"https:\/\/tacuarembo.gub.uy\/wp-content\/uploads\/WhatsApp-Image-2024-05-30-at-13.45.09-800x420.jpeg\" alt=\"\" class=\"wp-image-25831\"\/><\/figure>\n","protected":false},"excerpt":{"rendered":"<p>El Ministerio de Turismo, en colaboraci\u00f3n con la Secretar\u00eda Nacional de Cuidados y Discapacidad del Ministerio de Desarrollo Social y la Direcci\u00f3n de Turismo de Tacuaremb\u00f3, invita a participar en un taller sobre Inclusi\u00f3n, Buen Trato y Accesibilidad Tur\u00edstica<\/p>\n","protected":false},"author":3,"featured_media":25831,"comment_status":"open","ping_status":"open","sticky":false,"template":"","format":"standard","meta":{"_eb_attr":"","footnotes":""},"categories":[16],"tags":[],"class_list":{"0":"post-25830","1":"post","2":"type-post","3":"status-publish","4":"format-standard","5":"has-post-thumbnail","7":"category-noticias"},"_links":{"self":[{"href":"https:\/\/tacuarembo.gub.uy\/index.php?rest_route=\/wp\/v2\/posts\/25830","targetHints":{"allow":["GET"]}}],"collection":[{"href":"https:\/\/tacuarembo.gub.uy\/index.php?rest_route=\/wp\/v2\/posts"}],"about":[{"href":"https:\/\/tacuarembo.gub.uy\/index.php?rest_route=\/wp\/v2\/types\/post"}],"author":[{"embeddable":true,"href":"https:\/\/tacuarembo.gub.uy\/index.php?rest_route=\/wp\/v2\/users\/3"}],"replies":[{"embeddable":true,"href":"https:\/\/tacuarembo.gub.uy\/index.php?rest_route=%2Fwp%2Fv2%2Fcomments&post=25830"}],"version-history":[{"count":1,"href":"https:\/\/tacuarembo.gub.uy\/index.php?rest_route=\/wp\/v2\/posts\/25830\/revisions"}],"predecessor-version":[{"id":25832,"href":"https:\/\/tacuarembo.gub.uy\/index.php?rest_route=\/wp\/v2\/posts\/25830\/revisions\/25832"}],"wp:featuredmedia":[{"embeddable":true,"href":"https:\/\/tacuarembo.gub.uy\/index.php?rest_route=\/wp\/v2\/media\/25831"}],"wp:attachment":[{"href":"https:\/\/tacuarembo.gub.uy\/index.php?rest_route=%2Fwp%2Fv2%2Fmedia&parent=25830"}],"wp:term":[{"taxonomy":"category","embeddable":true,"href":"https:\/\/tacuarembo.gub.uy\/index.php?rest_route=%2Fwp%2Fv2%2Fcategories&post=25830"},{"taxonomy":"post_tag","embeddable":true,"href":"https:\/\/tacuarembo.gub.uy\/index.php?rest_route=%2Fwp%2Fv2%2Ftags&post=25830"}],"curies":[{"name":"wp","href":"https:\/\/api.w.org\/{rel}","templated":true}]}}