{"id":25782,"date":"2024-05-27T16:47:56","date_gmt":"2024-05-27T19:47:56","guid":{"rendered":"https:\/\/tacuarembo.gub.uy\/?p=25782"},"modified":"2024-05-27T16:47:58","modified_gmt":"2024-05-27T19:47:58","slug":"teatro-escayola-presenta-un-mes-de-junio-con-espectaculos-de-danza-clasica-teatro-y-musica","status":"publish","type":"post","link":"https:\/\/tacuarembo.gub.uy\/?p=25782","title":{"rendered":"Teatro Escayola presenta un mes de junio con espect\u00e1culos de danza cl\u00e1sica, teatro y m\u00fasica"},"content":{"rendered":"\n<p>El Teatro Escayola se prepara para un mes de junio cargado de espect\u00e1culos diversos, reafirmando su estatus como centro cultural con una programaci\u00f3n que abarca desde danza cl\u00e1sica y m\u00fasica hasta teatro infantil.<\/p>\n\n\n\n<p>El 1\u00b0 de junio, los espectadores podr\u00e1n disfrutar del espect\u00e1culo \u00abLugares y tiempos\u00bb, con la participaci\u00f3n del destacado artista Numa Moraes y el aclamado concertista de guitarra cl\u00e1sica Eduardo Fern\u00e1ndez, reconocido como uno de los mejores a nivel mundial.<\/p>\n\n\n\n<p>El s\u00e1bado 8 de junio, a las 18 horas, el teatro dar\u00e1 la bienvenida a su primer show infantil, \u201cDuendes picarones\u201d. Este musical para ni\u00f1os invita a jugar, cantar y divertirse con un repertorio de canciones llenas de aprendizajes para toda la familia. Mar\u00eda Noel Silva, Juan Pablo Silva y H\u00e9ctor Acosta estar\u00e1n a cargo de este colorido espect\u00e1culo.<\/p>\n\n\n\n<p>En tanto, el domingo 9 de junio a las 19 horas, la obra de teatro \u00abMala\u00bb llegar\u00e1 al escenario del Teatro Escayola. Esta autoficci\u00f3n dram\u00e1tica, pensada especialmente para Tacuaremb\u00f3, contar\u00e1 con 20 actores que expondr\u00e1n una historia real, iluminando verdades familiares y sociales.<\/p>\n\n\n\n<p>El viernes 14 de junio, Carolina Papaleo, actriz y polit\u00f3loga argentina, presentar\u00e1 \u00abS.O.S Nac\u00ed Mujer\u00bb. Basada en su libro \u00abSer Mujer es Caro\u00bb, la obra promete un viaje emotivo y lleno de humor sobre la vida de las mujeres, desde la ni\u00f1ez hasta la adultez.<\/p>\n\n\n\n<p>La programaci\u00f3n continuar\u00e1 el s\u00e1bado 15 de junio, a las 20 horas, con Fernando Cabrera. Un \u00edcono cultural del R\u00edo de la Plata que deleitar\u00e1 al p\u00fablico con sus canciones. Con m\u00e1s de treinta a\u00f1os de trayectoria y numerosos premios, Cabrera es un referente de la m\u00fasica rioplatense.<\/p>\n\n\n\n<p>El domingo 16 de junio, a las 19 horas, la Escuela Nacional de Formaci\u00f3n Art\u00edstica del SODRE presentar\u00e1 el primer programa del Ballet Cl\u00e1sico Juvenil en el Teatro Escayola, ofreciendo una noche de danza cl\u00e1sica.<\/p>\n\n\n\n<p>El s\u00e1bado 22 de junio, a las 20 horas, el tr\u00edo \u201cLos Cigarros\u201d, compuesto por Nicol\u00e1s Ibarburu, Ney Peraza y \u00c1lvaro \u201cTit\u00ed\u201d Fontes, explorar\u00e1 la m\u00fasica t\u00edpica del R\u00edo de la Plata con su estilo \u00fanico, rescatando tangos, valsecitos criollos, milongas y foxtrots.<\/p>\n\n\n\n<p>Finalmente, el 28 de junio a las 18 horas, el Colectivo Casiopea presentar\u00e1 \u201cRoja\u201d, una obra de teatro infantil inspirada en las distintas versiones de Caperucita Roja. Este espect\u00e1culo busca motivar la reflexi\u00f3n y el debate entre ni\u00f1os, ni\u00f1as y j\u00f3venes, integr\u00e1ndolos como seres pol\u00edticos y activos en la sociedad<\/p>\n\n\n\n<div class=\"wp-block-image-gallery-block-image-gallery-block\"><div class=\"eb-parent-wrapper eb-parent-eb-image-gallery-8k9bs \"><div class=\"eb-gallery-img-wrapper eb-image-gallery-8k9bs grid overlay-bottom caption-style-0   no-isotope \" data-id=\"eb-image-gallery-8k9bs\"><a href=\"https:\/\/tacuarembo.gub.uy\/wp-content\/uploads\/WhatsApp-Image-2024-05-27-at-16.31.212.jpeg\" rel=\"noopener\" data-fslightbox=\"gallery\" data-type=\"image\" class=\"eb-gallery-img-content eb-filter-img-\"><span class=\"eb-gallery-link-wrapper\"><img decoding=\"async\" class=\"eb-gallery-img\" src=\"https:\/\/tacuarembo.gub.uy\/wp-content\/uploads\/WhatsApp-Image-2024-05-27-at-16.31.212.jpeg\" image-index=\"0\" alt=\"\"\/><\/span><\/a><a href=\"https:\/\/tacuarembo.gub.uy\/wp-content\/uploads\/WhatsApp-Image-2024-05-27-at-16.31.211.jpeg\" rel=\"noopener\" data-fslightbox=\"gallery\" data-type=\"image\" class=\"eb-gallery-img-content eb-filter-img-\"><span class=\"eb-gallery-link-wrapper\"><img decoding=\"async\" class=\"eb-gallery-img\" src=\"https:\/\/tacuarembo.gub.uy\/wp-content\/uploads\/WhatsApp-Image-2024-05-27-at-16.31.211.jpeg\" image-index=\"1\" alt=\"\"\/><\/span><\/a><a href=\"https:\/\/tacuarembo.gub.uy\/wp-content\/uploads\/WhatsApp-Image-2024-05-27-at-16.31.21.jpeg\" rel=\"noopener\" data-fslightbox=\"gallery\" data-type=\"image\" class=\"eb-gallery-img-content eb-filter-img-\"><span class=\"eb-gallery-link-wrapper\"><img decoding=\"async\" class=\"eb-gallery-img\" src=\"https:\/\/tacuarembo.gub.uy\/wp-content\/uploads\/WhatsApp-Image-2024-05-27-at-16.31.21.jpeg\" image-index=\"2\" alt=\"\"\/><\/span><\/a><a href=\"https:\/\/tacuarembo.gub.uy\/wp-content\/uploads\/WhatsApp-Image-2024-05-27-at-16.31.203.jpeg\" rel=\"noopener\" data-fslightbox=\"gallery\" data-type=\"image\" class=\"eb-gallery-img-content eb-filter-img-\"><span class=\"eb-gallery-link-wrapper\"><img decoding=\"async\" class=\"eb-gallery-img\" src=\"https:\/\/tacuarembo.gub.uy\/wp-content\/uploads\/WhatsApp-Image-2024-05-27-at-16.31.203.jpeg\" image-index=\"3\" alt=\"\"\/><\/span><\/a><a href=\"https:\/\/tacuarembo.gub.uy\/wp-content\/uploads\/WhatsApp-Image-2024-05-27-at-16.31.202.jpeg\" rel=\"noopener\" data-fslightbox=\"gallery\" data-type=\"image\" class=\"eb-gallery-img-content eb-filter-img-\"><span class=\"eb-gallery-link-wrapper\"><img decoding=\"async\" class=\"eb-gallery-img\" src=\"https:\/\/tacuarembo.gub.uy\/wp-content\/uploads\/WhatsApp-Image-2024-05-27-at-16.31.202.jpeg\" image-index=\"4\" alt=\"\"\/><\/span><\/a><a href=\"https:\/\/tacuarembo.gub.uy\/wp-content\/uploads\/WhatsApp-Image-2024-05-27-at-16.31.201.jpeg\" rel=\"noopener\" data-fslightbox=\"gallery\" data-type=\"image\" class=\"eb-gallery-img-content eb-filter-img-\"><span class=\"eb-gallery-link-wrapper\"><img decoding=\"async\" class=\"eb-gallery-img\" src=\"https:\/\/tacuarembo.gub.uy\/wp-content\/uploads\/WhatsApp-Image-2024-05-27-at-16.31.201.jpeg\" image-index=\"5\" alt=\"\"\/><\/span><\/a><a href=\"https:\/\/tacuarembo.gub.uy\/wp-content\/uploads\/WhatsApp-Image-2024-05-27-at-16.31.20.jpeg\" rel=\"noopener\" data-fslightbox=\"gallery\" data-type=\"image\" class=\"eb-gallery-img-content eb-filter-img-\"><span class=\"eb-gallery-link-wrapper\"><img decoding=\"async\" class=\"eb-gallery-img\" src=\"https:\/\/tacuarembo.gub.uy\/wp-content\/uploads\/WhatsApp-Image-2024-05-27-at-16.31.20.jpeg\" image-index=\"6\" alt=\"\"\/><\/span><\/a><a href=\"https:\/\/tacuarembo.gub.uy\/wp-content\/uploads\/WhatsApp-Image-2024-05-27-at-16.31.193.jpeg\" rel=\"noopener\" data-fslightbox=\"gallery\" data-type=\"image\" class=\"eb-gallery-img-content eb-filter-img-\"><span class=\"eb-gallery-link-wrapper\"><img decoding=\"async\" class=\"eb-gallery-img\" src=\"https:\/\/tacuarembo.gub.uy\/wp-content\/uploads\/WhatsApp-Image-2024-05-27-at-16.31.193.jpeg\" image-index=\"7\" alt=\"\"\/><\/span><\/a><a href=\"https:\/\/tacuarembo.gub.uy\/wp-content\/uploads\/WhatsApp-Image-2024-05-27-at-16.31.192.jpeg\" rel=\"noopener\" data-fslightbox=\"gallery\" data-type=\"image\" class=\"eb-gallery-img-content eb-filter-img-\"><span class=\"eb-gallery-link-wrapper\"><img decoding=\"async\" class=\"eb-gallery-img\" src=\"https:\/\/tacuarembo.gub.uy\/wp-content\/uploads\/WhatsApp-Image-2024-05-27-at-16.31.192.jpeg\" image-index=\"8\" alt=\"\"\/><\/span><\/a><a href=\"https:\/\/tacuarembo.gub.uy\/wp-content\/uploads\/WhatsApp-Image-2024-05-27-at-16.31.191.jpeg\" rel=\"noopener\" data-fslightbox=\"gallery\" data-type=\"image\" class=\"eb-gallery-img-content eb-filter-img-\"><span class=\"eb-gallery-link-wrapper\"><img decoding=\"async\" class=\"eb-gallery-img\" src=\"https:\/\/tacuarembo.gub.uy\/wp-content\/uploads\/WhatsApp-Image-2024-05-27-at-16.31.191.jpeg\" image-index=\"9\" alt=\"\"\/><\/span><\/a><a href=\"https:\/\/tacuarembo.gub.uy\/wp-content\/uploads\/WhatsApp-Image-2024-05-27-at-16.31.19.jpeg\" rel=\"noopener\" data-fslightbox=\"gallery\" data-type=\"image\" class=\"eb-gallery-img-content eb-filter-img-\"><span class=\"eb-gallery-link-wrapper\"><img decoding=\"async\" class=\"eb-gallery-img\" src=\"https:\/\/tacuarembo.gub.uy\/wp-content\/uploads\/WhatsApp-Image-2024-05-27-at-16.31.19.jpeg\" image-index=\"10\" alt=\"\"\/><\/span><\/a><\/div><\/div><\/div>\n","protected":false},"excerpt":{"rendered":"<p>El Teatro Escayola se prepara para un mes de junio cargado de espect\u00e1culos diversos, reafirmando su estatus como centro cultural con una programaci\u00f3n que abarca desde danza cl\u00e1sica y m\u00fasica hasta teatro infantil<\/p>\n","protected":false},"author":3,"featured_media":25793,"comment_status":"open","ping_status":"open","sticky":false,"template":"","format":"standard","meta":{"_eb_attr":"","footnotes":""},"categories":[16],"tags":[],"class_list":{"0":"post-25782","1":"post","2":"type-post","3":"status-publish","4":"format-standard","5":"has-post-thumbnail","7":"category-noticias"},"_links":{"self":[{"href":"https:\/\/tacuarembo.gub.uy\/index.php?rest_route=\/wp\/v2\/posts\/25782","targetHints":{"allow":["GET"]}}],"collection":[{"href":"https:\/\/tacuarembo.gub.uy\/index.php?rest_route=\/wp\/v2\/posts"}],"about":[{"href":"https:\/\/tacuarembo.gub.uy\/index.php?rest_route=\/wp\/v2\/types\/post"}],"author":[{"embeddable":true,"href":"https:\/\/tacuarembo.gub.uy\/index.php?rest_route=\/wp\/v2\/users\/3"}],"replies":[{"embeddable":true,"href":"https:\/\/tacuarembo.gub.uy\/index.php?rest_route=%2Fwp%2Fv2%2Fcomments&post=25782"}],"version-history":[{"count":1,"href":"https:\/\/tacuarembo.gub.uy\/index.php?rest_route=\/wp\/v2\/posts\/25782\/revisions"}],"predecessor-version":[{"id":25794,"href":"https:\/\/tacuarembo.gub.uy\/index.php?rest_route=\/wp\/v2\/posts\/25782\/revisions\/25794"}],"wp:featuredmedia":[{"embeddable":true,"href":"https:\/\/tacuarembo.gub.uy\/index.php?rest_route=\/wp\/v2\/media\/25793"}],"wp:attachment":[{"href":"https:\/\/tacuarembo.gub.uy\/index.php?rest_route=%2Fwp%2Fv2%2Fmedia&parent=25782"}],"wp:term":[{"taxonomy":"category","embeddable":true,"href":"https:\/\/tacuarembo.gub.uy\/index.php?rest_route=%2Fwp%2Fv2%2Fcategories&post=25782"},{"taxonomy":"post_tag","embeddable":true,"href":"https:\/\/tacuarembo.gub.uy\/index.php?rest_route=%2Fwp%2Fv2%2Ftags&post=25782"}],"curies":[{"name":"wp","href":"https:\/\/api.w.org\/{rel}","templated":true}]}}